{"id":1235,"date":"2020-01-09T22:05:59","date_gmt":"2020-01-09T22:05:59","guid":{"rendered":"http:\/\/www.cerca.org.mx\/?p=1235"},"modified":"2020-01-09T22:05:59","modified_gmt":"2020-01-09T22:05:59","slug":"1235","status":"publish","type":"post","link":"https:\/\/cerca.org.mx\/en\/1235\/","title":{"rendered":"Se reportan apagones en ciudades de Baja California Sur"},"content":{"rendered":"<p><a href=\"https:\/\/www.energiaadebate.com\/electricidad\/se-reportan-apagones-en-ciudades-de-baja-california-sur\/\">Se reportan apagones en ciudades de Baja California Sur<\/a><img loading=\"lazy\" decoding=\"async\" src=\"http:\/\/www.cerca.org.mx\/wp-content\/uploads\/2020\/01\/index-226x300.jpg\" alt=\"\" width=\"226\" height=\"300\" class=\"alignnone size-medium wp-image-1236\" \/><\/p>\n<p>Redacci\u00f3n \/ Energ\u00eda a Debate<\/p>\n<p>Se reporta que habitantes de los municipios de La Paz, Cabo San Lucas y San Jos\u00e9 de los Cabos, en el estado de Baja California Sur, sufrieron varios apagones en la tarde y noche de ayer.<\/p>\n<p>Debido a la falta de energ\u00eda, comerciantes se vieron en la necesidad de concluir sus jornadas de manera anticipada, adem\u00e1s de que se registraron fallas en sem\u00e1foros, lo que deriv\u00f3 en problemas viales.<\/p>\n<p>Fue \u201ccomo si los apagones se dieran por tandeo\u201d, se\u00f1alaron medios locales, con un gran n\u00famero de colonias afectadas.<\/p>\n<p>Las fallas en el suministro el\u00e9ctrico que iniciaron cerca de las 13:30 horas se debieron a que el sistema de distribuci\u00f3n present\u00f3 una \u201cestado operativo de alerta\u201d, por lo que se us\u00f3 su reserva para satisfacer la demanda, inform\u00f3 el Centro Nacional de Control de la Energ\u00eda (Cenace).<\/p>\n<p>El Cenace se\u00f1al\u00f3 que el Sistema El\u00e9ctrico de Baja California Sur se declar\u00f3 en alerta \u201cpor contar con un margen de reserva operativa menor al 4 por ciento y no soportar la contingencia sencilla m\u00e1s severa\u201d.<\/p>\n<p>Ya entrada la noche del 29 de julio, el Cenace inform\u00f3 que a\u00fan no se procede a levantar el estado de emergencia en las zonas que m\u00e1s afectaciones han presentado. Inicialmente, La Comisi\u00f3n Federal de Electricidad (CFE) no coment\u00f3 lo sucedido. Sin embargo, el d\u00eda 30 la CFE atribuy\u00f3 los problemas en el suministro el\u00e9ctrico a &#8220;un tiro de carga&#8221; ordenado por el Cenace, el cual llev\u00f3 a cortes programados y controlados que se realizaron en forma escalonada y por bloques para que los usuarios no permanecieran mucho tiempo sin servicio.<\/p>\n<p>A su vez, el Director general de la CFE, Manuel Bartlett D\u00edaz, afirm\u00f3 que los apagones en las dos pen\u00ednsulas de Yucat\u00e1n y Baja California son atribuibles a descuidos de gobiernos anteriores. &#8220;Nos las dejaron abandonadas&#8221;, dijo.<\/p>\n<p>Seg\u00fan el Centro de Energ\u00eda Renovable y Calidad Ambiental (Cerca), los apagones se registran porque el sistema el\u00e9ctrico en el estado est\u00e1 rebasado por ser complejo e inflexible, funcionando mediante la quema de combustibles f\u00f3siles como diesel y combust\u00f3leo.<\/p>\n<p>Las centrales de energ\u00eda en Baja California Sur son peque\u00f1as y trabajan a sobrecarga. La media pen\u00ednsula es una isla al no estar interconectado al Sistema El\u00e9ctrico Nacional. Se comenta que la CFE no ha dado mantenimiento a las plantas en la zona.<\/p>","protected":false},"excerpt":{"rendered":"<p>Se reportan apagones en ciudades de Baja California Sur Redacci\u00f3n \/ Energ\u00eda a Debate Se reporta que habitantes de los municipios de La Paz, Cabo San Lucas y San Jos\u00e9 de los Cabos, en el estado de Baja California Sur, sufrieron varios apagones en la tarde y noche de ayer. Debido a la falta de &hellip;<\/p>\n<p class=\"read-more\"> <a class=\"\" href=\"https:\/\/cerca.org.mx\/en\/1235\/\"> <span class=\"screen-reader-text\">Se reportan apagones en ciudades de Baja California Sur<\/span> Read More &raquo;<\/a><\/p>","protected":false},"author":1,"featured_media":1236,"comment_status":"open","ping_status":"open","sticky":false,"template":"","format":"standard","meta":{"footnotes":""},"categories":[10],"tags":[],"class_list":["post-1235","post","type-post","status-publish","format-standard","has-post-thumbnail","hentry","category-blog-energia"],"_links":{"self":[{"href":"https:\/\/cerca.org.mx\/en\/wp-json\/wp\/v2\/posts\/1235","targetHints":{"allow":["GET"]}}],"collection":[{"href":"https:\/\/cerca.org.mx\/en\/wp-json\/wp\/v2\/posts"}],"about":[{"href":"https:\/\/cerca.org.mx\/en\/wp-json\/wp\/v2\/types\/post"}],"author":[{"embeddable":true,"href":"https:\/\/cerca.org.mx\/en\/wp-json\/wp\/v2\/users\/1"}],"replies":[{"embeddable":true,"href":"https:\/\/cerca.org.mx\/en\/wp-json\/wp\/v2\/comments?post=1235"}],"version-history":[{"count":0,"href":"https:\/\/cerca.org.mx\/en\/wp-json\/wp\/v2\/posts\/1235\/revisions"}],"wp:featuredmedia":[{"embeddable":true,"href":"https:\/\/cerca.org.mx\/en\/wp-json\/"}],"wp:attachment":[{"href":"https:\/\/cerca.org.mx\/en\/wp-json\/wp\/v2\/media?parent=1235"}],"wp:term":[{"taxonomy":"category","embeddable":true,"href":"https:\/\/cerca.org.mx\/en\/wp-json\/wp\/v2\/categories?post=1235"},{"taxonomy":"post_tag","embeddable":true,"href":"https:\/\/cerca.org.mx\/en\/wp-json\/wp\/v2\/tags?post=1235"}],"curies":[{"name":"wp","href":"https:\/\/api.w.org\/{rel}","templated":true}]}}