{"id":1248,"date":"2020-01-09T22:45:52","date_gmt":"2020-01-09T22:45:52","guid":{"rendered":"http:\/\/www.cerca.org.mx\/?p=1248"},"modified":"2020-01-09T22:45:52","modified_gmt":"2020-01-09T22:45:52","slug":"vuelven-apagones-electricos-a-cabo-san-lucas","status":"publish","type":"post","link":"https:\/\/cerca.org.mx\/en\/vuelven-apagones-electricos-a-cabo-san-lucas\/","title":{"rendered":"Vuelven apagones el\u00e9ctricos a Cabo San Lucas"},"content":{"rendered":"<p><a href=\"https:\/\/www.diarioelindependiente.mx\/2019\/11\/vuelven-apagones-electricos-a-cabo-san-lucas\">Vuelven apagones el\u00e9ctricos a Cabo San Lucas<\/a><\/p>\n<p><img loading=\"lazy\" decoding=\"async\" src=\"http:\/\/www.cerca.org.mx\/wp-content\/uploads\/2020\/01\/15729221412278e-300x159.jpg\" alt=\"\" width=\"300\" height=\"159\" class=\"alignnone size-medium wp-image-1249\" \/><\/p>\n<p>Las colonias Infornavit y Matamoros se quedaron sin servicio la tarde del lunes<\/p>\n<p>Cabo San Lucas (CSL), Baja California Sur.- Alrededor de las 18:30 horas de este lunes 04 de noviembre, vecinos de las colonias Infornavit y Matamoros, de la delegaci\u00f3n de Cabo San Lucas, reportaron fallas en el suministro de energi\u00eda el\u00e9ctrica.<\/p>\n<p>A trav\u00e9s de los grupos vecinales de alerta ciudadana y &#8220;Whatsappeando por tu Seguridad&#8221;, en repetidas ocasiones habitantes del puerto tur\u00edstico, preguntaron sobre la situacion, incluso argumentando que en las l\u00edneas de atenci\u00f3n de la Comisi\u00f3n Federal de Electricidad (CFE) (071), no daban raz\u00f3n de lo que estaba sucediendo.<\/p>\n<p>El apag\u00f3n, tambi\u00e9n afect\u00f3 el cruce vial del Boulevard Constitutyentes con Avenida Leona Vicario al apagar el sistema de semaforizaci\u00f3n, lo que desquici\u00f3 el tr\u00e1fico vehicular, pues ocurri\u00f3 en &#8220;hora pico&#8221;.<\/p>\n<p>Cabe se\u00f1alar que a traves del Centro Nacional de Control de Energ\u00eda (CENACE), no se inform\u00f3 si el apag\u00f3n ten\u00eda relaci\u00f3n al suministro a nivel estatal en Baja California Sur, por lo que se presume, sea una falla local en el puerto de Cabo San Lucas.<\/p>","protected":false},"excerpt":{"rendered":"<p>Vuelven apagones el\u00e9ctricos a Cabo San Lucas Las colonias Infornavit y Matamoros se quedaron sin servicio la tarde del lunes Cabo San Lucas (CSL), Baja California Sur.- Alrededor de las 18:30 horas de este lunes 04 de noviembre, vecinos de las colonias Infornavit y Matamoros, de la delegaci\u00f3n de Cabo San Lucas, reportaron fallas en &hellip;<\/p>\n<p class=\"read-more\"> <a class=\"\" href=\"https:\/\/cerca.org.mx\/en\/vuelven-apagones-electricos-a-cabo-san-lucas\/\"> <span class=\"screen-reader-text\">Vuelven apagones el\u00e9ctricos a Cabo San Lucas<\/span> Read More &raquo;<\/a><\/p>","protected":false},"author":1,"featured_media":1249,"comment_status":"open","ping_status":"open","sticky":false,"template":"","format":"standard","meta":{"footnotes":""},"categories":[10],"tags":[],"class_list":["post-1248","post","type-post","status-publish","format-standard","has-post-thumbnail","hentry","category-blog-energia"],"_links":{"self":[{"href":"https:\/\/cerca.org.mx\/en\/wp-json\/wp\/v2\/posts\/1248","targetHints":{"allow":["GET"]}}],"collection":[{"href":"https:\/\/cerca.org.mx\/en\/wp-json\/wp\/v2\/posts"}],"about":[{"href":"https:\/\/cerca.org.mx\/en\/wp-json\/wp\/v2\/types\/post"}],"author":[{"embeddable":true,"href":"https:\/\/cerca.org.mx\/en\/wp-json\/wp\/v2\/users\/1"}],"replies":[{"embeddable":true,"href":"https:\/\/cerca.org.mx\/en\/wp-json\/wp\/v2\/comments?post=1248"}],"version-history":[{"count":0,"href":"https:\/\/cerca.org.mx\/en\/wp-json\/wp\/v2\/posts\/1248\/revisions"}],"wp:featuredmedia":[{"embeddable":true,"href":"https:\/\/cerca.org.mx\/en\/wp-json\/"}],"wp:attachment":[{"href":"https:\/\/cerca.org.mx\/en\/wp-json\/wp\/v2\/media?parent=1248"}],"wp:term":[{"taxonomy":"category","embeddable":true,"href":"https:\/\/cerca.org.mx\/en\/wp-json\/wp\/v2\/categories?post=1248"},{"taxonomy":"post_tag","embeddable":true,"href":"https:\/\/cerca.org.mx\/en\/wp-json\/wp\/v2\/tags?post=1248"}],"curies":[{"name":"wp","href":"https:\/\/api.w.org\/{rel}","templated":true}]}}