{"id":1325,"date":"2020-03-11T18:48:02","date_gmt":"2020-03-11T18:48:02","guid":{"rendered":"http:\/\/www.cerca.org.mx\/?p=1325"},"modified":"2020-03-11T18:48:02","modified_gmt":"2020-03-11T18:48:02","slug":"organizaciones-civiles-se-unen-en-contra-de-proyectos-de-cfe-en-baja-california-sur","status":"publish","type":"post","link":"https:\/\/cerca.org.mx\/en\/organizaciones-civiles-se-unen-en-contra-de-proyectos-de-cfe-en-baja-california-sur\/","title":{"rendered":"Organizaciones civiles se unen en contra de proyectos de CFE en Baja California Sur"},"content":{"rendered":"<p><img loading=\"lazy\" decoding=\"async\" src=\"http:\/\/www.cerca.org.mx\/wp-content\/uploads\/2020\/03\/Organizaciones-civiles-se-unen-en-contra-de-proyectos-de-CFE-en-Baja-California-Sur-300x187.jpg\" alt=\"\" width=\"300\" height=\"187\" class=\"alignnone size-medium wp-image-1326\" \/><br \/>\n<a href=\"https:\/\/www.elsudcaliforniano.com.mx\/local\/organizaciones-civiles-se-unen-en-contra-de-proyectos-de-cfe-en-baja-california-sur-4875084.html\">Organizaciones civiles se unen en contra de proyectos de CFE en Baja California Sur<\/a><br \/>\nDaniela P\u00e9rez | El Sudcaliforniano<\/p>\n<p>La Paz, Baja California Sur (OEM-Informex).- A trav\u00e9s de un comunicado, tres organizaciones de la sociedad civil, Centro Mexicano de Derecho Ambiental, A.C. (CEMDA), C\u00f3mo Vamos La Paz y Centro de Energ\u00edas Renovables y Calidad Ambiental (CERCA), se unen para manifestar su rechazo ante proyectos contemplados por la Comisi\u00f3n Federal de Electricidad (CFE) para BCS que inicialmente tienen como objetivo generar energ\u00eda a partir de fuentes f\u00f3siles.<\/p>\n<p>PROYECTO DE LA BARCAZA<\/p>\n<p>Se\u00f1alan que en se estima que la demanda energ\u00e9tica aumentar\u00e1 en un 12%, al menos 82MW m\u00e1s que la capacidad actual de generaci\u00f3n de las plantas en la regi\u00f3n y hasta el momento la respuesta de la CFE ha sido seguir un plan de instalaci\u00f3n de proyectos de generaci\u00f3n de energ\u00eda a partir de fuentes f\u00f3siles, lo cual afectar\u00eda a\u00fan m\u00e1s la calidad de aire y el medio ambiente en la capital del estado, a trav\u00e9s de la pretensi\u00f3n concreta de instalar cuatro proyectos de generaci\u00f3n de energ\u00eda con combustibles f\u00f3siles en la entidad, entre ellos la posible instalaci\u00f3n de una barcaza, \u00e9sta consiste en una plataforma flotante con una terminal de generaci\u00f3n de energ\u00eda, que podr\u00eda ser alimentada por gas o combust\u00f3leo.<\/p>\n<p>Organizaciones de la sociedad civil hacen un atento llamado a la Comisi\u00f3n Federal de Electricidad (CFE) y al gobernador de Baja California Sur, Carlos Mendoza Davis, para que prioricen la implementaci\u00f3n de proyectos de generaci\u00f3n de energ\u00eda renovable para garantizar el abasto frente a la creciente demanda de energ\u00eda que requiere la entidad; adem\u00e1s, que se apeguen estrictamente a la normatividad ambiental y respeten los derechos humanos de las comunidades en donde pretendan instalarse.<\/p>\n<p>RESPUESTA DE AMLO<\/p>\n<p>Cabe mencionar que en la reciente visita del presidente de la rep\u00fablica, Andr\u00e9s Manuel L\u00f3pez Obrador (AMLO), inform\u00f3 acerca de una serie de acuerdos tomados en colaboraci\u00f3n con el gobernador del estado, Carlos Mendoza Davis, entre los cuales se encuentra una inversi\u00f3n federal para La Paz de alrededor de 6 mil millones de pesos que se aplicar\u00e1n en la construcci\u00f3n de una planta generadora de energ\u00eda el\u00e9ctrica que solo usar\u00e1 gas natural a fin de reducir los contaminantes que provoca la quema de diesel y combust\u00f3leo, misma que se pretende que opere en abril de 2023.<\/p>\n<p>Los \u00faltimos resultados de monitoreos ciudadanos han arrojado la presencia de part\u00edculas ultrafinas PM10 y PM 2.5, as\u00ed como mon\u00f3xido de carbono (CO), di\u00f3xido de carbono (CO2) y carbono negro.<\/p>\n<p>POL\u00cdTICA CONTRARIA A LA TENDENCIA INTERNACIONAL<\/p>\n<p>Se\u00f1alan que la promoci\u00f3n de proyectos como la barcaza alimentada por combustibles f\u00f3siles no s\u00f3lo contraviene los objetivos de la Ley General de Cambio Clim\u00e1tico (LGCC) y de la Ley de Transici\u00f3n Energ\u00e9tica, sino que llevar\u00eda a M\u00e9xico al incumplimiento del Acuerdo de Par\u00eds, en el cual est\u00e1 comprometido a reducir sus emisiones de GEI en un 30% al 2020 y 50% al 2050. Adem\u00e1s, la dependencia de combustibles f\u00f3siles para la generaci\u00f3n de energ\u00eda, coloca actualmente al estado en sentido contrario respecto de los esfuerzos de la comunidad internacional ante el crisis clim\u00e1tica, los cuales se orientan hacia transitar a econom\u00edas bajas en carbono.<\/p>","protected":false},"excerpt":{"rendered":"<p>Organizaciones civiles se unen en contra de proyectos de CFE en Baja California Sur Daniela P\u00e9rez | El Sudcaliforniano La Paz, Baja California Sur (OEM-Informex).- A trav\u00e9s de un comunicado, tres organizaciones de la sociedad civil, Centro Mexicano de Derecho Ambiental, A.C. (CEMDA), C\u00f3mo Vamos La Paz y Centro de Energ\u00edas Renovables y Calidad Ambiental &hellip;<\/p>\n<p class=\"read-more\"> <a class=\"\" href=\"https:\/\/cerca.org.mx\/en\/organizaciones-civiles-se-unen-en-contra-de-proyectos-de-cfe-en-baja-california-sur\/\"> <span class=\"screen-reader-text\">Organizaciones civiles se unen en contra de proyectos de CFE en Baja California Sur<\/span> Read More &raquo;<\/a><\/p>","protected":false},"author":1,"featured_media":1326,"comment_status":"open","ping_status":"open","sticky":false,"template":"","format":"standard","meta":{"footnotes":""},"categories":[10],"tags":[],"class_list":["post-1325","post","type-post","status-publish","format-standard","has-post-thumbnail","hentry","category-blog-energia"],"_links":{"self":[{"href":"https:\/\/cerca.org.mx\/en\/wp-json\/wp\/v2\/posts\/1325","targetHints":{"allow":["GET"]}}],"collection":[{"href":"https:\/\/cerca.org.mx\/en\/wp-json\/wp\/v2\/posts"}],"about":[{"href":"https:\/\/cerca.org.mx\/en\/wp-json\/wp\/v2\/types\/post"}],"author":[{"embeddable":true,"href":"https:\/\/cerca.org.mx\/en\/wp-json\/wp\/v2\/users\/1"}],"replies":[{"embeddable":true,"href":"https:\/\/cerca.org.mx\/en\/wp-json\/wp\/v2\/comments?post=1325"}],"version-history":[{"count":0,"href":"https:\/\/cerca.org.mx\/en\/wp-json\/wp\/v2\/posts\/1325\/revisions"}],"wp:featuredmedia":[{"embeddable":true,"href":"https:\/\/cerca.org.mx\/en\/wp-json\/"}],"wp:attachment":[{"href":"https:\/\/cerca.org.mx\/en\/wp-json\/wp\/v2\/media?parent=1325"}],"wp:term":[{"taxonomy":"category","embeddable":true,"href":"https:\/\/cerca.org.mx\/en\/wp-json\/wp\/v2\/categories?post=1325"},{"taxonomy":"post_tag","embeddable":true,"href":"https:\/\/cerca.org.mx\/en\/wp-json\/wp\/v2\/tags?post=1325"}],"curies":[{"name":"wp","href":"https:\/\/api.w.org\/{rel}","templated":true}]}}