{"id":1349,"date":"2020-03-13T18:51:15","date_gmt":"2020-03-13T18:51:15","guid":{"rendered":"http:\/\/www.cerca.org.mx\/?p=1349"},"modified":"2020-03-13T18:51:15","modified_gmt":"2020-03-13T18:51:15","slug":"producira-cfe-energia-con-gas-en-baja-california-sur","status":"publish","type":"post","link":"https:\/\/cerca.org.mx\/en\/producira-cfe-energia-con-gas-en-baja-california-sur\/","title":{"rendered":"Producir\u00e1 CFE energ\u00eda con gas en Baja California Sur"},"content":{"rendered":"<p><img loading=\"lazy\" decoding=\"async\" src=\"http:\/\/www.cerca.org.mx\/wp-content\/uploads\/2020\/03\/Producir\u00e1-CFE-energ\u00eda-con-gas-en-Baja-California-Sur-300x187.jpg\" alt=\"\" width=\"300\" height=\"187\" class=\"alignnone size-medium wp-image-1350\" \/><br \/>\n<a href=\"https:\/\/www.elsudcaliforniano.com.mx\/local\/producira-cfe-energia-con-gas-en-baja-california-sur-4940658.html?utm_source=WhatsApp&#038;fbclid=IwAR3ryVo6lOVk9RNTZnDwakL_8Jv-2LBMXsmR3jL7bJuO0lnI57nDHdjo01c\">Producir\u00e1 CFE energ\u00eda con gas en Baja California Sur<\/a><br \/>\nDaniela P\u00e9rez | El Sudcaliforniano<\/p>\n<p>La Paz, Baja California Sur (OEM-Informex).- A trav\u00e9s del portal www.cfenergia.com se realiz\u00f3 la publicaci\u00f3n de la convocatoria para el concurso del suministro de gas natural a Baja California Sur por tecnolog\u00eda abierta, por lo que por primera vez en el estado se generar\u00e1 electricidad con gas natural, lo cual har\u00e1 m\u00e1s eficiente el proceso y amigable con el medio ambiente.<\/p>\n<p>GESTI\u00d3N MUNICIPAL<\/p>\n<p>En recientes fechas el Ayuntamiento de La Paz se sum\u00f3 al \u201cacto de Alcaldes por el Clima y la Energ\u00eda Limpia en M\u00e9xico\u201d, el cual promueve gobierno la asociaci\u00f3n de gobiernos locales por la sustentabilidad, que en consecuencia se han traducido en la b\u00fasqueda constante por aplicar medidas tendientes a revertir los efectos provocados por el calentamiento global.<\/p>\n<p>Desde hace un tiempo, el presidente Municipal, Rub\u00e9n Mu\u00f1oz \u00c1lvarez, ha realizado diversas gestiones para coadyuvar en el gran problema de contaminaci\u00f3n generada por los proyectos de CFE en el estado se\u00f1alada por la sociedad civil organizada y sociedad en general, por lo que desde 2019 solicit\u00f3 al cabildo la emisi\u00f3n de un pronunciamiento para que CFE revisara los cambios que pudieran realizarse en su proceso de producci\u00f3n, al mismo tiempo que se pronunci\u00f3 en contra de una nueva central de combusti\u00f3n interna, lo cual se traducir\u00eda en una nueva chimenea.<\/p>\n<p>Esta misma preocupaci\u00f3n fue transmitida por el Presidente Municipal a Andr\u00e9s Manuel L\u00f3pez Obrador (AMLO) presidente de M\u00e9xico en su visita a La Paz, en donde se plante\u00f3 la posibilidad de hacer una transici\u00f3n hacia energ\u00edas limpias, y como resultado se obtuvo que desde el Gobierno Federal se reconoci\u00f3 el problema de contaminaci\u00f3n que enfrenta la ciudad, y adem\u00e1s se anunciaron acciones concretas al respecto y un presupuesto hist\u00f3rico, como lo son los 6 mil millones de pesos para arreglar esta situaci\u00f3n.<\/p>\n<p>SOBRE EL CONCURSO VIGENTE<\/p>\n<p>El concurso actualmente se encuentra abierto a participantes nacionales e internacionales que quieran aplicar, y se llevar\u00e1 a cabo en idioma espa\u00f1ol.<\/p>\n<p>Las fechas importantes para esta convocatoria son el d\u00eda martes 17 de marzo cuando se debe llevar a cabo un pre registro en l\u00ednea de los interesados, el mi\u00e9rcoles 25 de marzo cuando ser\u00e1 la recepci\u00f3n de cartas compromiso de confidencialidad y documentaci\u00f3n legal y el d\u00eda jueves 26 de marzo, cuando se realizar\u00e1 el env\u00edo de los t\u00e9rminos de referencia a los interesados.<\/p>\n<p>SISTEMA EL\u00c9CTRICO DE BCS<\/p>\n<p>Actualmente el sistema el\u00e9ctrico del estado se encuentra aislado del Sistema Interconectado Nacional, lo cual hace que sea necesario el autoabastecimiento de energ\u00eda el\u00e9ctrica, sin embargo ante los nuevos proyectos de CFE para el estado que buscan ser menos contaminantes que la energ\u00eda generada a base de combust\u00f3leo y di\u00e9sel, se ha dado a la tarea de busca otros suministros como es el caso ahora del gas natural, el cual es un 90% menos contaminante que los mencionados anteriormente, y adem\u00e1s es m\u00e1s eficiente.<\/p>\n<p>El gas disminuye el 90% de la contaminaci\u00f3n generada por el combust\u00f3leo, sin embargo, contin\u00faa siendo basada en combustibles f\u00f3siles <\/p>\n<p>CFE se\u00f1ala que debido al implemento del combust\u00f3leo y del di\u00e9sel, ha tenido como consecuencia que los costos de generaci\u00f3n de energ\u00eda sean elevados y con un mayor impacto medioambiental, por lo que actualmente se encuentra comprometido con garantizar el suministro confiable de combustibles a precios competitivos, por lo que se encuentra en la b\u00fasqueda de las mejores condiciones en el suministro de gas natural para la generaci\u00f3n de energ\u00eda en el estado, lo cual ser\u00e1 posible con un proveedor nacional o internacional a trav\u00e9s de un proceso competitivo y transparente.<\/p>\n<p>VOLUNTAD DE CAMBIO<\/p>\n<p>Jaqueline Valenzuela, quien es director del Centro de Energ\u00edas Renovables y Calidad Ambiental (CERCA), mencion\u00f3 que existe una voluntad de atacar la contaminaci\u00f3n a trav\u00e9s de mejorar el combustible que se usa para generar energ\u00eda, sin embargo, recalca que a\u00fan quedan temas pendientes como la dependencia a los combustibles f\u00f3siles que contin\u00faa a pesar de estas medidas, que tenemos la tarifa m\u00e1s cara del pa\u00eds y que al generar energ\u00eda con un gas o di\u00e9sel esto se reflejar\u00e1 en un aumento en la tarifa, y que se sigue apostando a una sola forma de generaci\u00f3n de energ\u00eda, lo cual se refleja en apagones.<\/p>\n<p>Meza Valenzuela, se\u00f1ala que el ideal ser\u00eda que BCS tuviera un sistema energ\u00e9tico como el interconectado nacional, que re\u00fane energ\u00edas renovables, combustibles f\u00f3siles, termoel\u00e9ctricas, hidroel\u00e9ctricas, centrales de combusti\u00f3n interna, centrales fotovoltaicas, \u201ctodo un mix energ\u00e9tico, y eso lo hace m\u00e1s resiliente, sustentable, limpio, y con un crecimiento que vaya de la mano del medio ambiente. Nosotros quisi\u00e9ramos lo mismo para BCS, para que cuando hubiera temporada de sobredemanda, la capacidad de respuesta del sistema fuese mejor, y por supuesto, incluyendo el almacenamiento\u201d.<\/p>","protected":false},"excerpt":{"rendered":"<p>Producir\u00e1 CFE energ\u00eda con gas en Baja California Sur Daniela P\u00e9rez | El Sudcaliforniano La Paz, Baja California Sur (OEM-Informex).- A trav\u00e9s del portal www.cfenergia.com se realiz\u00f3 la publicaci\u00f3n de la convocatoria para el concurso del suministro de gas natural a Baja California Sur por tecnolog\u00eda abierta, por lo que por primera vez en el &hellip;<\/p>\n<p class=\"read-more\"> <a class=\"\" href=\"https:\/\/cerca.org.mx\/en\/producira-cfe-energia-con-gas-en-baja-california-sur\/\"> <span class=\"screen-reader-text\">Producir\u00e1 CFE energ\u00eda con gas en Baja California Sur<\/span> Read More &raquo;<\/a><\/p>","protected":false},"author":1,"featured_media":1350,"comment_status":"open","ping_status":"open","sticky":false,"template":"","format":"standard","meta":{"footnotes":""},"categories":[10],"tags":[],"class_list":["post-1349","post","type-post","status-publish","format-standard","has-post-thumbnail","hentry","category-blog-energia"],"_links":{"self":[{"href":"https:\/\/cerca.org.mx\/en\/wp-json\/wp\/v2\/posts\/1349","targetHints":{"allow":["GET"]}}],"collection":[{"href":"https:\/\/cerca.org.mx\/en\/wp-json\/wp\/v2\/posts"}],"about":[{"href":"https:\/\/cerca.org.mx\/en\/wp-json\/wp\/v2\/types\/post"}],"author":[{"embeddable":true,"href":"https:\/\/cerca.org.mx\/en\/wp-json\/wp\/v2\/users\/1"}],"replies":[{"embeddable":true,"href":"https:\/\/cerca.org.mx\/en\/wp-json\/wp\/v2\/comments?post=1349"}],"version-history":[{"count":0,"href":"https:\/\/cerca.org.mx\/en\/wp-json\/wp\/v2\/posts\/1349\/revisions"}],"wp:featuredmedia":[{"embeddable":true,"href":"https:\/\/cerca.org.mx\/en\/wp-json\/"}],"wp:attachment":[{"href":"https:\/\/cerca.org.mx\/en\/wp-json\/wp\/v2\/media?parent=1349"}],"wp:term":[{"taxonomy":"category","embeddable":true,"href":"https:\/\/cerca.org.mx\/en\/wp-json\/wp\/v2\/categories?post=1349"},{"taxonomy":"post_tag","embeddable":true,"href":"https:\/\/cerca.org.mx\/en\/wp-json\/wp\/v2\/tags?post=1349"}],"curies":[{"name":"wp","href":"https:\/\/api.w.org\/{rel}","templated":true}]}}