{"id":1612,"date":"2020-07-11T17:58:21","date_gmt":"2020-07-11T17:58:21","guid":{"rendered":"https:\/\/www.cerca.org.mx\/?p=1612"},"modified":"2020-07-11T17:58:21","modified_gmt":"2020-07-11T17:58:21","slug":"en-bcs-se-instalaron-138-megawatts-no-se-preven-apagones-en-verano-2020","status":"publish","type":"post","link":"https:\/\/cerca.org.mx\/en\/en-bcs-se-instalaron-138-megawatts-no-se-preven-apagones-en-verano-2020\/","title":{"rendered":"En BCS se instalaron 138 megawatts, no se prev\u00e9n apagones en verano 2020"},"content":{"rendered":"<p><img loading=\"lazy\" decoding=\"async\" class=\"alignnone  wp-image-1613 aligncenter\" src=\"https:\/\/www.cerca.org.mx\/wp-content\/uploads\/2020\/07\/Imagen3-300x199.png\" alt=\"\" width=\"449\" height=\"297\" \/><\/p>\n<p style=\"text-align: center;\"><a href=\"https:\/\/www.bcsnoticias.mx\/en-bcs-se-instalaron-138-megawatts-no-se-preven-apagones-en-verano-de-2020\/?fbclid=IwAR13thhUHEDDZjmZLQ9Vzz9pB1MsxAO-nlLBcCagQ9PeLj1ffDOt0HCdKY8\">En BCS se instalaron 138 megawatts, no se prev\u00e9n apagones en verano 2020<\/a><\/p>\n<p style=\"text-align: center;\">Por: Abril Tejeda<\/p>\n<p>La Paz, Baja\u00a0 California Sur (BCS). La directora de operaciones del Centro de Energ\u00edas Renovables y Calidad Ambiental (CERCA), Jaqueline Valenzuela sugiri\u00f3 que es posible que en el verano 2020 no se suscite ning\u00fan apag\u00f3n, debido a que ya se instalaron 138 megawatts, mismos que deber\u00e1n reforzar las unidades de operaci\u00f3n; esto despu\u00e9s de que en 2019 la entidad registr\u00f3 poco m\u00e1s de 30 apagones.<\/p>\n<p>&#8220;Si todas las unidades est\u00e1n operando,m\u00e1s las adicionales que hayan tenido mantenimiento, no deber\u00eda de haber apagones, porque tenemos la capacidad instalada.<\/p>\n<p>&#8220;En la central Punta Prieta est\u00e1n instalando turbinas que nos van a dar una capacidad adicional, entonces, los planes de CFE que nos anunciaron el a\u00f1o pasado, fue tener 138 megawatts adicionales a la capacidad instalada para evitar los apagones&#8221;, enfatizo.<\/p>\n<p>En este sentido, Jaqueline Valenzuela record\u00f3 que en la central Punta Prieta se est\u00e1n instalado turbinas, puesto que las autoridades de la entidad anunciaron que este a\u00f1o habr\u00eda capacidad adicional, para que el sistema el\u00e9ctrico no presentara fallas.<\/p>\n<p>Cabe recordar que, el gobernador Carlos Mendoza Davis coment\u00f3 en su momento que llegar\u00edan m\u00e1s 138 megawatts, y 100 m\u00e1s que vendr\u00edan con la instalaci\u00f3n de la planta que generadora de energ\u00eda con un ciclo combinado, para evitar dichos apagones en temporada de verano.<\/p>\n<p>Por lo anterior, reiter\u00f3 que con estas acciones no se deber\u00edan presentar apagones, pues el \u00fanico motivo que los provocar\u00eda el corte del servicio es que 3 de las 9 turbinas salieran de operaci\u00f3n, posibilidad que calific\u00f3 de fatalista y extrema.<\/p>\n<p>&#8220;El a\u00f1o pasado ten\u00edamos 7 unidades funcionando, ahora tendr\u00edamos 9 con 2 turbinas se supone que tendr\u00edamos el respaldo si 2 unidades salieran de operaci\u00f3n, y entran estas que acaban de traer no deber\u00eda haber problema, tendr\u00eda que ser un caso muy fatalista el que tengan que salir 3 unidades al tiempo, pero espero que sea un escenario que ya se hayan previsto&#8221;, concluy\u00f3.<\/p>","protected":false},"excerpt":{"rendered":"<p>En BCS se instalaron 138 megawatts, no se prev\u00e9n apagones en verano 2020 Por: Abril Tejeda La Paz, Baja\u00a0 California Sur (BCS). La directora de operaciones del Centro de Energ\u00edas Renovables y Calidad Ambiental (CERCA), Jaqueline Valenzuela sugiri\u00f3 que es posible que en el verano 2020 no se suscite ning\u00fan apag\u00f3n, debido a que ya &hellip;<\/p>\n<p class=\"read-more\"> <a class=\"\" href=\"https:\/\/cerca.org.mx\/en\/en-bcs-se-instalaron-138-megawatts-no-se-preven-apagones-en-verano-2020\/\"> <span class=\"screen-reader-text\">En BCS se instalaron 138 megawatts, no se prev\u00e9n apagones en verano 2020<\/span> Read More &raquo;<\/a><\/p>","protected":false},"author":1,"featured_media":1613,"comment_status":"open","ping_status":"open","sticky":false,"template":"","format":"standard","meta":{"footnotes":""},"categories":[10],"tags":[],"class_list":["post-1612","post","type-post","status-publish","format-standard","has-post-thumbnail","hentry","category-blog-energia"],"_links":{"self":[{"href":"https:\/\/cerca.org.mx\/en\/wp-json\/wp\/v2\/posts\/1612","targetHints":{"allow":["GET"]}}],"collection":[{"href":"https:\/\/cerca.org.mx\/en\/wp-json\/wp\/v2\/posts"}],"about":[{"href":"https:\/\/cerca.org.mx\/en\/wp-json\/wp\/v2\/types\/post"}],"author":[{"embeddable":true,"href":"https:\/\/cerca.org.mx\/en\/wp-json\/wp\/v2\/users\/1"}],"replies":[{"embeddable":true,"href":"https:\/\/cerca.org.mx\/en\/wp-json\/wp\/v2\/comments?post=1612"}],"version-history":[{"count":0,"href":"https:\/\/cerca.org.mx\/en\/wp-json\/wp\/v2\/posts\/1612\/revisions"}],"wp:featuredmedia":[{"embeddable":true,"href":"https:\/\/cerca.org.mx\/en\/wp-json\/"}],"wp:attachment":[{"href":"https:\/\/cerca.org.mx\/en\/wp-json\/wp\/v2\/media?parent=1612"}],"wp:term":[{"taxonomy":"category","embeddable":true,"href":"https:\/\/cerca.org.mx\/en\/wp-json\/wp\/v2\/categories?post=1612"},{"taxonomy":"post_tag","embeddable":true,"href":"https:\/\/cerca.org.mx\/en\/wp-json\/wp\/v2\/tags?post=1612"}],"curies":[{"name":"wp","href":"https:\/\/api.w.org\/{rel}","templated":true}]}}