{"id":1623,"date":"2020-07-12T09:20:52","date_gmt":"2020-07-12T09:20:52","guid":{"rendered":"https:\/\/www.cerca.org.mx\/?p=1623"},"modified":"2020-07-12T09:20:52","modified_gmt":"2020-07-12T09:20:52","slug":"turbinas-eolicas-aportaran-hasta-50mw-al-sistema-electrico-de-la-paz","status":"publish","type":"post","link":"https:\/\/cerca.org.mx\/en\/turbinas-eolicas-aportaran-hasta-50mw-al-sistema-electrico-de-la-paz\/","title":{"rendered":"Turbinas e\u00f3licas aportaran hasta 50MW al sistema el\u00e9ctrico de La Paz"},"content":{"rendered":"<p><img loading=\"lazy\" decoding=\"async\" class=\"wp-image-1624 aligncenter\" src=\"https:\/\/www.cerca.org.mx\/wp-content\/uploads\/2020\/07\/1594363793076d6-300x159.jpg\" alt=\"\" width=\"589\" height=\"312\"><\/p>\n<p style=\"text-align: center;\"><a href=\"https:\/\/www.diarioelindependiente.mx\/2020\/07\/turbinas-eolicas-aportaran-hasta-50mw-al-sistema-electrico-de-la-paz\">Turbinas e\u00f3licas aportaran hasta 50mw al sistema el\u00e9ctrico de La Paz<\/a><\/p>\n<p style=\"text-align: center;\">Por: Rodrigo Rebolledo Ramirez<\/p>\n<p>La Paz, Baja California Sur.- Mientras los componentes m\u00e1s importantes de lo que ser\u00e1 la planta de energ\u00eda e\u00f3lica m\u00e1s importante de La Paz comienza la materializaci\u00f3n de una iniciativa de energ\u00eda limpia para La Paz que podr\u00eda representar una aportaci\u00f3n importante hacia la soberan\u00eda energ\u00e9tica de Baja California Sur.<\/p>\n<p>El buque BBC Emerald transport\u00f3 las 60 palas de 18 ton y de 62.5 m cada una para los 20 aerogeneradores GE de \u00faltima generaci\u00f3n, Para el proyecto que instalar\u00e1 50 MW de energ\u00eda e\u00f3lica con el soporte de un banco de baterias de 10 MW, para contribuir a solventar las deficiencias de la calidad de la energ\u00eda el\u00e9ctrica existentes en la red.<\/p>\n<p>Jaqueline Valenzuela, directora de operaciones del Centro de Energ\u00edas Renovables y Calidad Ambiental (CERCA) dijo a Diario El Independiente que la organizaci\u00f3n de la sociedad civil que dirige ha acompa\u00f1ado el desarrollo del proyecto desde su origen.<\/p>\n<p>Hemos sido testigos de un largo proceso de 7 a\u00f1os de desarrollo y las barreras que se han tenido que superar. &#8220;Con este embarque se dan pasos firmes para aterrizar una inversi\u00f3n de 1700 millones de pesos en un momento critico para la econom\u00eda de BCS&#8221;, expres\u00f3.<\/p>\n<p>El destino final de los aerogeneradores es el ejido &#8220;Alfredo V. Bonfi&#8221; a 34 kil\u00f3metros al norte oeste de la capital del estado.<\/p>\n<p>De acuerdo con el especialista en energ\u00eda, la planta e\u00f3lica &#8220;Coromuel&#8221; representar\u00eda algo as\u00ed como el 20% m\u00e1s energ\u00eda al sistema el\u00e9ctrico local.<\/p>\n<p>Valenzuela Meza expres\u00f3 que dicho acompa\u00f1amiento les ha permitido constatar que los permisos ambientales de la empresa que busca convertir el viento en energ\u00eda el\u00e9ctrica est\u00e1n dentro del normatividad aplicable.<\/p>\n<p>&#8220;El estado ha sido minucioso para verificar que la empresa cuente con todos los permisos necesarios para generar energ\u00eda que sera adquirida por su paraestatal&#8221; dijo al esperar que as\u00ed fuese con otros proyectos de generaci\u00f3n de energ\u00eda como los que pretenden instalarse&nbsp; en las inmediaciones para operar con combustibles f\u00f3siles bajo la jurisdicci\u00f3n de la comisi\u00f3n federal de energ\u00eda.<\/p>\n<p>&#8220;Adem\u00e1s el proyecto es comunitario&#8221; agreg\u00f3 informando que la empresa que instala estos molinos de viento en La Paz realizan un proyecto comunitario en colaboraci\u00f3n con los habitantes del ejido donde se instala este proyecto, que en breve podr\u00eda estar produciendo energ\u00eda limpia para los pace\u00f1os.<\/p>","protected":false},"excerpt":{"rendered":"<p>Turbinas e\u00f3licas aportaran hasta 50mw al sistema el\u00e9ctrico de La Paz Por: Rodrigo Rebolledo Ramirez La Paz, Baja California Sur.- Mientras los componentes m\u00e1s importantes de lo que ser\u00e1 la planta de energ\u00eda e\u00f3lica m\u00e1s importante de La Paz comienza la materializaci\u00f3n de una iniciativa de energ\u00eda limpia para La Paz que podr\u00eda representar una &hellip;<\/p>\n<p class=\"read-more\"> <a class=\"\" href=\"https:\/\/cerca.org.mx\/en\/turbinas-eolicas-aportaran-hasta-50mw-al-sistema-electrico-de-la-paz\/\"> <span class=\"screen-reader-text\">Turbinas e\u00f3licas aportaran hasta 50MW al sistema el\u00e9ctrico de La Paz<\/span> Read More &raquo;<\/a><\/p>","protected":false},"author":1,"featured_media":1624,"comment_status":"open","ping_status":"open","sticky":false,"template":"","format":"standard","meta":{"footnotes":""},"categories":[10],"tags":[],"class_list":["post-1623","post","type-post","status-publish","format-standard","has-post-thumbnail","hentry","category-blog-energia"],"_links":{"self":[{"href":"https:\/\/cerca.org.mx\/en\/wp-json\/wp\/v2\/posts\/1623","targetHints":{"allow":["GET"]}}],"collection":[{"href":"https:\/\/cerca.org.mx\/en\/wp-json\/wp\/v2\/posts"}],"about":[{"href":"https:\/\/cerca.org.mx\/en\/wp-json\/wp\/v2\/types\/post"}],"author":[{"embeddable":true,"href":"https:\/\/cerca.org.mx\/en\/wp-json\/wp\/v2\/users\/1"}],"replies":[{"embeddable":true,"href":"https:\/\/cerca.org.mx\/en\/wp-json\/wp\/v2\/comments?post=1623"}],"version-history":[{"count":0,"href":"https:\/\/cerca.org.mx\/en\/wp-json\/wp\/v2\/posts\/1623\/revisions"}],"wp:featuredmedia":[{"embeddable":true,"href":"https:\/\/cerca.org.mx\/en\/wp-json\/"}],"wp:attachment":[{"href":"https:\/\/cerca.org.mx\/en\/wp-json\/wp\/v2\/media?parent=1623"}],"wp:term":[{"taxonomy":"category","embeddable":true,"href":"https:\/\/cerca.org.mx\/en\/wp-json\/wp\/v2\/categories?post=1623"},{"taxonomy":"post_tag","embeddable":true,"href":"https:\/\/cerca.org.mx\/en\/wp-json\/wp\/v2\/tags?post=1623"}],"curies":[{"name":"wp","href":"https:\/\/api.w.org\/{rel}","templated":true}]}}