{"id":1660,"date":"2020-08-16T22:37:27","date_gmt":"2020-08-16T22:37:27","guid":{"rendered":"https:\/\/www.cerca.org.mx\/?p=1660"},"modified":"2020-08-16T22:37:27","modified_gmt":"2020-08-16T22:37:27","slug":"cerca-pide-que-proyectos-cancelados-se-conviertan-en-energia-renovable","status":"publish","type":"post","link":"https:\/\/cerca.org.mx\/en\/cerca-pide-que-proyectos-cancelados-se-conviertan-en-energia-renovable\/","title":{"rendered":"CERCA pide que proyectos cancelados se conviertan en energ\u00eda renovable"},"content":{"rendered":"<p><img loading=\"lazy\" decoding=\"async\" class=\"alignnone  wp-image-1661 aligncenter\" src=\"https:\/\/www.cerca.org.mx\/wp-content\/uploads\/2020\/08\/15973028995f497-300x159.jpg\" alt=\"\" width=\"473\" height=\"251\" \/><\/p>\n<p style=\"text-align: center;\"><a href=\"https:\/\/www.diarioelindependiente.mx\/2020\/08\/cerca-pide-que-proyectos-cancelados-se-conviertan-en-energia-renovable?fbclid=IwAR1MCbjPMed_8RfyjQO9h5b233y4uFxAADam0kJad-dypY3kDAHBllDObXc\" target=\"_blank\" rel=\"noopener noreferrer\">CERCA pide que proyectos cancelados se conviertan en energ\u00eda renovable<\/a><\/p>\n<p style=\"text-align: center;\">Por: Rodrigo Rebolledo Ramirez<\/p>\n<p>La Paz, Baja California Sur &#8211; El Centro de Energ\u00eda Renovable y Calidad Ambiental (CERCA)\u00a0 evalu\u00f3 el anuncio del presidente Andr\u00e9s Manuel L\u00f3pez Obrador de seguir dando prioridad a la reconversi\u00f3n energ\u00e9tica del pa\u00eds como una oportunidad para redireccionar los recursos proyectados para la termoel\u00e9ctrica de La Paz, recientemente cancelada,\u00a0 para aplicarlos a energ\u00edas limpias.<\/p>\n<p>En entrevista para este diario, Jacqueline Valenzuela Meza directora de operaciones de CERCA, expres\u00f3 que el momento es clave para repensar el proyecto para generar m\u00e1s energ\u00eda a partir de fuentes amigables con el medio ambiente, de menor costo.<\/p>\n<p>Esto en el contexto de un proyecto de generaci\u00f3n energ\u00e9tica que proyectaba una planta tercera de generaci\u00f3n de energ\u00eda que emplear\u00eda hidrocarburos la cual fue cancelada por la Comisi\u00f3n Federal de Electricidad (CFE) a mediados del mes pasado (Diario El Independiente, 15 de Julio 2020).<\/p>\n<p>&#8221; Tener esos 42 megawatts, pero en otras formas que fuesen no contaminantes. Desde su planteamiento no nos pareci\u00f3 que era la mejor manera de invertir en energ\u00eda para el estado, cuando existen a la mano tecnolog\u00edas m\u00e1s actualizadas, no contaminantes y m\u00e1s econ\u00f3micas&#8221;, expres\u00f3.<\/p>\n<p>Eso el antecedente inmediato de una visita presidencial al estado donde Andres Manu\u00e9l L\u00f3pez Obrador retom\u00f3 el asunto de la prioridad estatal por contar con opciones para que no se den m\u00e1s apagones en entidad (Diario el Independiente, 8 de agosto 2020).<\/p>\n<p>Valenzuela Meza record\u00f3 que la asociaci\u00f3n que coordina ha reiterado que la entidad cuenta\u00a0 con un enorme potencial para la generaci\u00f3n la captaci\u00f3n\u00a0 y transmisi\u00f3n de energ\u00eda solar, as\u00ed como tambi\u00e9n en una menor parte en la e\u00f3lica.<\/p>\n<p>La promotora de la transici\u00f3n energ\u00e9tica en la entidad plante\u00f3 que, mientras proyectos como el parque e\u00f3lico &#8220;El Coromuel&#8221; que se preparan para generar electricidad para los sudcalifornianos captado el viento del sistema de corrientes cercano a La Paz o la planta Aura Solar que aporta una importante fuente de energ\u00eda para la capital del estado a\u00fan hacen falta acciones que ser\u00edan criticas para consolidar el uso de energ\u00eda el\u00e9ctrica de fuentes intermitentes como el sol o\u00a0 el viento.<\/p>\n<p>Por ejemplo, dijo, &#8220;con el dinero que no se gastar\u00eda en una estaci\u00f3n de combusti\u00f3n se puede construir un sistema de almacenamiento por rebombeo h\u00eddrico&#8221; en la regi\u00f3n.<\/p>\n<p>&#8220;Con la inversi\u00f3n destinada al proyecto de ciclo combinado que fue cancelado podr\u00edamos generar diez mega watts de energ\u00eda solar y nueve de almacenamiento por re-bombeo, produciendo 70 empleos para la central y otros 72 para la operaci\u00f3n y mantenimiento de los mebalses de rebombeo&#8221; expuso.<\/p>\n<p>El proyecto, presentado en la imagen que ilustra esta nota, se trata de usar la energ\u00eda solar para bombear agua a un embalse que, durante las horas sin sol puede ser regresado al mar, la energ\u00eda de retorno puede ser capturada por una turbina que generar\u00eda la energ\u00eda.<\/p>\n<p>&nbsp;<\/p>\n<p>La l\u00edder en materia de energ\u00eda y calidad ambiental estim\u00f3 que este tipo de soluciones requieren decisiones con determinaci\u00f3n y la reuni\u00f3n de voluntades, &#8220;las crisis son momentos de pensar en grande, ojal\u00e1 la sociedad sudcaliforniana reuniera el \u00e1nimo adelantarse a una nueva realidad, como lo ser\u00eda la transici\u00f3n energ\u00e9tica en la pen\u00ednsula&#8221;.<\/p>","protected":false},"excerpt":{"rendered":"<p>CERCA pide que proyectos cancelados se conviertan en energ\u00eda renovable Por: Rodrigo Rebolledo Ramirez La Paz, Baja California Sur &#8211; El Centro de Energ\u00eda Renovable y Calidad Ambiental (CERCA)\u00a0 evalu\u00f3 el anuncio del presidente Andr\u00e9s Manuel L\u00f3pez Obrador de seguir dando prioridad a la reconversi\u00f3n energ\u00e9tica del pa\u00eds como una oportunidad para redireccionar los recursos &hellip;<\/p>\n<p class=\"read-more\"> <a class=\"\" href=\"https:\/\/cerca.org.mx\/en\/cerca-pide-que-proyectos-cancelados-se-conviertan-en-energia-renovable\/\"> <span class=\"screen-reader-text\">CERCA pide que proyectos cancelados se conviertan en energ\u00eda renovable<\/span> Read More &raquo;<\/a><\/p>","protected":false},"author":1,"featured_media":1661,"comment_status":"open","ping_status":"closed","sticky":false,"template":"","format":"standard","meta":{"footnotes":""},"categories":[10],"tags":[],"class_list":["post-1660","post","type-post","status-publish","format-standard","has-post-thumbnail","hentry","category-blog-energia"],"_links":{"self":[{"href":"https:\/\/cerca.org.mx\/en\/wp-json\/wp\/v2\/posts\/1660","targetHints":{"allow":["GET"]}}],"collection":[{"href":"https:\/\/cerca.org.mx\/en\/wp-json\/wp\/v2\/posts"}],"about":[{"href":"https:\/\/cerca.org.mx\/en\/wp-json\/wp\/v2\/types\/post"}],"author":[{"embeddable":true,"href":"https:\/\/cerca.org.mx\/en\/wp-json\/wp\/v2\/users\/1"}],"replies":[{"embeddable":true,"href":"https:\/\/cerca.org.mx\/en\/wp-json\/wp\/v2\/comments?post=1660"}],"version-history":[{"count":0,"href":"https:\/\/cerca.org.mx\/en\/wp-json\/wp\/v2\/posts\/1660\/revisions"}],"wp:featuredmedia":[{"embeddable":true,"href":"https:\/\/cerca.org.mx\/en\/wp-json\/"}],"wp:attachment":[{"href":"https:\/\/cerca.org.mx\/en\/wp-json\/wp\/v2\/media?parent=1660"}],"wp:term":[{"taxonomy":"category","embeddable":true,"href":"https:\/\/cerca.org.mx\/en\/wp-json\/wp\/v2\/categories?post=1660"},{"taxonomy":"post_tag","embeddable":true,"href":"https:\/\/cerca.org.mx\/en\/wp-json\/wp\/v2\/tags?post=1660"}],"curies":[{"name":"wp","href":"https:\/\/api.w.org\/{rel}","templated":true}]}}