{"id":1687,"date":"2020-08-26T01:50:03","date_gmt":"2020-08-26T01:50:03","guid":{"rendered":"https:\/\/www.cerca.org.mx\/?p=1687"},"modified":"2020-08-26T01:50:03","modified_gmt":"2020-08-26T01:50:03","slug":"apostara-bcs-a-las-energias-renovables-carlos-mendoza","status":"publish","type":"post","link":"https:\/\/cerca.org.mx\/en\/apostara-bcs-a-las-energias-renovables-carlos-mendoza\/","title":{"rendered":"Apostar\u00e1 BCS a las energ\u00edas renovables: Carlos Mendoza"},"content":{"rendered":"<p><img loading=\"lazy\" decoding=\"async\" class=\"alignnone  wp-image-1688 aligncenter\" src=\"https:\/\/www.cerca.org.mx\/wp-content\/uploads\/2020\/08\/PANELES-SOLARES-2-300x187.jpg\" alt=\"\" width=\"509\" height=\"317\" \/><\/p>\n<p style=\"text-align: center;\"><a href=\"https:\/\/www.elsudcaliforniano.com.mx\/local\/apostara-bcs-a-las-energias-renovables-carlos-mendoza-5440059.html?fbclid=IwAR0_vuvluE8PAg-BCMo5T7gtaE7yLkzCY_ieVZmyroAcJ5NSkwqcOc69Q_o\" target=\"_blank\" rel=\"noopener noreferrer\">Apostar\u00e1 BCS a las energ\u00edas renovables: Carlos Mendoza<\/a><\/p>\n<p style=\"text-align: center;\">Por: Mauricio Hern\u00e1ndez<\/p>\n<p>La Paz, Baja California Sur (OEM-Infomex).- &#8220;En Baja California Sur tenemos la voluntad y el inter\u00e9s por mejorar nuestro sistema de generaci\u00f3n y suministro el\u00e9ctrico, en donde se asegure el servicio constante a los ciudadanos, con un costo de producci\u00f3n menor y sobre todo, amigable con el medio ambiente&#8221;, expreso el gobernador Carlos Mendoza Davis, al presidir primera Sesi\u00f3n Ordinaria del comit\u00e9 de Energ\u00eda del Estado de Baja California Sur.<\/p>\n<p>En este acto, en donde estuvo acompa\u00f1ado por el titular de la Secretar\u00eda de Planeaci\u00f3n Urbana, Infraestructura y Movilidad, Genaro Ruiz, y en donde tambi\u00e9n participan instancias federales, estatales, municipales, iniciativa privada, sociedad civil e instituciones del sector energ\u00e9tico, se presentaron por parte del Centro Nacional de Control de Energ\u00eda (CENACE) y de la Comisi\u00f3n Federal de Electricidad (CFE), las condiciones de operatividad y el estado que guarda el sistema El\u00e9ctrico de Baja California Sur.<\/p>\n<p>&#8220;Hoy es m\u00e1s apremiante que no s\u00f3lo el flujo de energ\u00eda sea constante; sino tambi\u00e9n buscar c\u00f3mo se pueden reducir costos para no cargar la mano a la gente en una circunstancia econ\u00f3mica muy complicada y que no le abonemos en convertir esto en un tema social y lo tercero, buscar ser amigable con el entorno, favorecer la generaci\u00f3n a trav\u00e9s de energ\u00edas renovables, limpias en pro de la naturaleza y de la salud de todos, pues se ha comprobado que los combustibles y la generaci\u00f3n tradicional no son la soluci\u00f3n&#8221;, precis\u00f3 el ejecutivo estatal.<\/p>\n<p>Mendoza Davis destaco la importancia de este comit\u00e9, pues se buscar\u00e1 lograr la estabilidad en el suministro y ver metas de mediano plazo, as\u00ed como explorar posibilidades para ir emigrando, primero, a un punto intermedio hacia combustibles m\u00e1s eficientes, menos da\u00f1inos y m\u00e1s baratos.<\/p>\n<p>Asimismo, se inform\u00f3 que actualmente, la capacidad instalada de generaci\u00f3n en la entidad, es suficiente para satisfacer la demanda. De acuerdo con el CENACE, durante 2019 el crecimiento de la demanda en consumo de energ\u00eda, fue del 6.9%; es decir, se consumieron 540 megawatts. Para este a\u00f1o, se espera que debido al comportamiento de la industria por la pandemia del covid-19, no hay un incremento mayor.<\/p>\n<p>El mandatario sudcaliforniano recalc\u00f3 la importancia del proyecto del cable submarino que proporcionar\u00eda electricidad a la media pen\u00ednsula, proveniente de Sonora y Sinaloa, con lo que se resolver\u00edan las necesidades de la entidad, por lo que invito a apuntar la estrategia en esta direcci\u00f3n.<\/p>\n<p>Para finalizar, Mendoza Davis agradeci\u00f3 a cada uno de los participantes en la sesi\u00f3n por su disponibilidad y buena voluntad para continuar proponiendo estrategias que ayuden a que el sistema el\u00e9ctrico en los cinco municipios sea de calidad, sin contaminar el medio ambiente y a un precio justo para las y los sudcalifornianos.<\/p>\n<p>Cabe destacar que el Comit\u00e9 de Energ\u00eda se instal\u00f3 en diciembre de 2019, y opera bajo los lineamientos de un Manual de Funcionamiento que fue aprobado durante esta sesi\u00f3n, en donde se establece que se realizaran tres sesiones ordinarias al a\u00f1o, con la disposici\u00f3n de sesionar de manera extraordinaria cuando la situaci\u00f3n as\u00ed lo amerite.<\/p>","protected":false},"excerpt":{"rendered":"<p>Apostar\u00e1 BCS a las energ\u00edas renovables: Carlos Mendoza Por: Mauricio Hern\u00e1ndez La Paz, Baja California Sur (OEM-Infomex).- &#8220;En Baja California Sur tenemos la voluntad y el inter\u00e9s por mejorar nuestro sistema de generaci\u00f3n y suministro el\u00e9ctrico, en donde se asegure el servicio constante a los ciudadanos, con un costo de producci\u00f3n menor y sobre todo, &hellip;<\/p>\n<p class=\"read-more\"> <a class=\"\" href=\"https:\/\/cerca.org.mx\/en\/apostara-bcs-a-las-energias-renovables-carlos-mendoza\/\"> <span class=\"screen-reader-text\">Apostar\u00e1 BCS a las energ\u00edas renovables: Carlos Mendoza<\/span> Read More &raquo;<\/a><\/p>","protected":false},"author":1,"featured_media":1688,"comment_status":"open","ping_status":"closed","sticky":false,"template":"","format":"standard","meta":{"footnotes":""},"categories":[10],"tags":[],"class_list":["post-1687","post","type-post","status-publish","format-standard","has-post-thumbnail","hentry","category-blog-energia"],"_links":{"self":[{"href":"https:\/\/cerca.org.mx\/en\/wp-json\/wp\/v2\/posts\/1687","targetHints":{"allow":["GET"]}}],"collection":[{"href":"https:\/\/cerca.org.mx\/en\/wp-json\/wp\/v2\/posts"}],"about":[{"href":"https:\/\/cerca.org.mx\/en\/wp-json\/wp\/v2\/types\/post"}],"author":[{"embeddable":true,"href":"https:\/\/cerca.org.mx\/en\/wp-json\/wp\/v2\/users\/1"}],"replies":[{"embeddable":true,"href":"https:\/\/cerca.org.mx\/en\/wp-json\/wp\/v2\/comments?post=1687"}],"version-history":[{"count":0,"href":"https:\/\/cerca.org.mx\/en\/wp-json\/wp\/v2\/posts\/1687\/revisions"}],"wp:featuredmedia":[{"embeddable":true,"href":"https:\/\/cerca.org.mx\/en\/wp-json\/"}],"wp:attachment":[{"href":"https:\/\/cerca.org.mx\/en\/wp-json\/wp\/v2\/media?parent=1687"}],"wp:term":[{"taxonomy":"category","embeddable":true,"href":"https:\/\/cerca.org.mx\/en\/wp-json\/wp\/v2\/categories?post=1687"},{"taxonomy":"post_tag","embeddable":true,"href":"https:\/\/cerca.org.mx\/en\/wp-json\/wp\/v2\/tags?post=1687"}],"curies":[{"name":"wp","href":"https:\/\/api.w.org\/{rel}","templated":true}]}}