{"id":1910,"date":"2020-11-01T02:20:48","date_gmt":"2020-11-01T02:20:48","guid":{"rendered":"https:\/\/www.cerca.org.mx\/?p=1910"},"modified":"2020-11-01T02:20:48","modified_gmt":"2020-11-01T02:20:48","slug":"amlo-para-baja-california-sur-necesitamos-energias-limpias","status":"publish","type":"post","link":"https:\/\/cerca.org.mx\/en\/amlo-para-baja-california-sur-necesitamos-energias-limpias\/","title":{"rendered":"#AMLO: \u00a1Para Baja California Sur necesitamos energ\u00edas limpias!"},"content":{"rendered":"<p><img loading=\"lazy\" decoding=\"async\" class=\"alignnone  wp-image-1911 aligncenter\" src=\"https:\/\/www.cerca.org.mx\/wp-content\/uploads\/2020\/11\/x-amlo-discurso-zocalo-300x169.jpg\" alt=\"\" width=\"559\" height=\"314\" \/><\/p>\n<p style=\"text-align: center;\"><a href=\"https:\/\/colectivopericu.net\/2020\/08\/06\/amlo-para-baja-california-sur-necesitamos-energias-limpias\/?fbclid=IwAR24YHKg50Yj9vh1ZxROd0Yo0bZvuFsX-MhMnJHey2tAkgtQrMLWYSvRm1o\" target=\"_blank\" rel=\"noopener noreferrer\">#AMLO: \u00a1Para Baja California Sur necesitamos energ\u00edas limpias!<\/a><\/p>\n<p style=\"text-align: center;\">Por: Colectivo Pericu<\/p>\n<p data-adtags-visited=\"true\">En el marco de la visita del presidente Andr\u00e9s Manuel L\u00f3pez Obrador a Los Cabos este viernes 7 de agosto, el Centro Mexicano de Derecho Ambiental, A.C. (CEMDA), el Centro de Energ\u00eda Renovable y Calidad Ambiental, A.C. (CERCA) y el Observatorio Ciudadano \u201cC\u00f3mo Vamos La Paz\u201d A.C., hacen un llamado para que el Gobierno Federal impulse una transici\u00f3n energ\u00e9tica hacia las fuentes de energ\u00eda renovable y cumpla con el compromiso hecho a los sudcalifornianos de \u201cresolver en definitiva el abasto de energ\u00eda el\u00e9ctrica sin contaminaci\u00f3n, sin uso de combust\u00f3leo\u201d, durante la conferencia matutina realizada desde la capital del estado el pasado 21 de febrero.<\/p>\n<p data-adtags-visited=\"true\">\n<p data-adtags-visited=\"true\">En La Paz se genera m\u00e1s del 60% de la energ\u00eda el\u00e9ctrica que se consume en Baja California Sur, sin embargo la demanda energ\u00e9tica est\u00e1 rebasada, lo cual, ocasion\u00f3 el verano pasado una serie de apagones, registrando hasta 32 cortes de energ\u00eda en todo el estado, mismo que afect\u00f3 al 59% de usuarios en La Paz y al 46% en Los Cabos. Para cubrir el suministro del servicio, el mandatario anunci\u00f3 en febrero pasado, la construcci\u00f3n de una unidad m\u00e1s de generaci\u00f3n en la central de combusti\u00f3n de Interna (CCI VI) y un proyecto de ciclo combinado que funcionar\u00e1 con gas natural, lo cual, aleja al estado, para avanzar hacia la generaci\u00f3n de energ\u00eda con fuentes renovables.<\/p>\n<p id=\"inline-ad-0\" class=\"inline-ad-slot\" data-adtags-width=\"573\" data-adtags-visited=\"true\">\n<p data-adtags-visited=\"true\">\u201cSolicitamos al Gobierno y a la Comisi\u00f3n Federal de Electricidad (CFE), que desista de continuar impulsando proyectos que generan energ\u00eda a base de combustibles f\u00f3siles; la inversi\u00f3n p\u00fablica en materia energ\u00e9tica para Baja California Sur debe estar dirigida al aprovechamiento de energ\u00edas renovables como la solar y la e\u00f3lica, el esfuerzo no debe venir s\u00f3lo de la iniciativa privada,\u201d coment\u00f3 Mario S\u00e1nchez, Director Regional Noroeste del Centro M\u00e9xicano de Derecho Ambiental.<\/p>\n<p data-adtags-visited=\"true\">Sin embargo, no parece existir un plan concreto en ninguno de los tres niveles de gobierno, para en el corto plazo disminuir la dependencia de energ\u00eda f\u00f3sil, ya que de acuerdo a la informaci\u00f3n obtenida a trav\u00e9s del Portal Nacional de Transparencia, el Centro Nacional de Control de Energ\u00eda (CENACE) se\u00f1ala que Baja California Sur podr\u00eda aprovechar sus recursos de fuentes renovables para generar electricidad hasta 2026 y 2027, considerando la infraestructura actual y dependiendo de la demanda.<\/p>\n<p data-adtags-visited=\"true\">\u201cHoy m\u00e1s que nunca, reducir la contaminaci\u00f3n del aire que respiramos es relevante, los monitoreos de calidad de aire en la capital sudcaliforniana revelan que hasta 120 d\u00edas del a\u00f1o se rebasan los m\u00e1ximos permisibles de contaminantes criterio que adem\u00e1s contribuyen al deterioro ambiental y al calentamiento global del planeta. La contingencia sanitaria ocasionada por el COVID19 obliga a reducir la exposici\u00f3n de las personas a un aire de mala calidad para disminuir el riesgo de padecer o empeorar enfermedades respiratorias, que expongan un mayor riesgo de mortalidad.\u201d se\u00f1al\u00f3 Jaqueline Valenzuela, Directora Operativa del Centro de Energ\u00eda Renovable y Calidad Ambiental.<\/p>\n<p id=\"inline-ad-1\" class=\"inline-ad-slot\" data-adtags-width=\"573\" data-adtags-visited=\"true\">\n<p data-adtags-visited=\"true\">Las organizaciones firmantes consideramos que seguir promoviendo proyectos energ\u00e9ticos a partir de combustibles f\u00f3siles priva a la ciudadan\u00eda de Baja California Sur de su derecho a un medio ambiente sano, incumpliendo acuerdos internacionales para combatir el cambio clim\u00e1tico, como el Acuerdo de Par\u00eds. Adem\u00e1s, contraviene lo establecido en el Programa Sectorial de Medio Ambiente y Recursos Naturales (Promarnat) 2020-2024 en materia de acci\u00f3n clim\u00e1tica para reducir el consumo de carbono y promover un entorno libre de contaminaci\u00f3n del aire, es por ello que solicitamos se realicen las acciones necesarias en infraestructura el\u00e9ctrica y presupuesto que aceleren el proceso hacia la transici\u00f3n energ\u00e9tica a fuentes renovables en Baja California Sur.<\/p>","protected":false},"excerpt":{"rendered":"<p>#AMLO: \u00a1Para Baja California Sur necesitamos energ\u00edas limpias! Por: Colectivo Pericu En el marco de la visita del presidente Andr\u00e9s Manuel L\u00f3pez Obrador a Los Cabos este viernes 7 de agosto, el Centro Mexicano de Derecho Ambiental, A.C. (CEMDA), el Centro de Energ\u00eda Renovable y Calidad Ambiental, A.C. (CERCA) y el Observatorio Ciudadano \u201cC\u00f3mo Vamos &hellip;<\/p>\n<p class=\"read-more\"> <a class=\"\" href=\"https:\/\/cerca.org.mx\/en\/amlo-para-baja-california-sur-necesitamos-energias-limpias\/\"> <span class=\"screen-reader-text\">#AMLO: \u00a1Para Baja California Sur necesitamos energ\u00edas limpias!<\/span> Read More &raquo;<\/a><\/p>","protected":false},"author":1,"featured_media":1911,"comment_status":"open","ping_status":"closed","sticky":false,"template":"","format":"standard","meta":{"footnotes":""},"categories":[10],"tags":[],"class_list":["post-1910","post","type-post","status-publish","format-standard","has-post-thumbnail","hentry","category-blog-energia"],"_links":{"self":[{"href":"https:\/\/cerca.org.mx\/en\/wp-json\/wp\/v2\/posts\/1910","targetHints":{"allow":["GET"]}}],"collection":[{"href":"https:\/\/cerca.org.mx\/en\/wp-json\/wp\/v2\/posts"}],"about":[{"href":"https:\/\/cerca.org.mx\/en\/wp-json\/wp\/v2\/types\/post"}],"author":[{"embeddable":true,"href":"https:\/\/cerca.org.mx\/en\/wp-json\/wp\/v2\/users\/1"}],"replies":[{"embeddable":true,"href":"https:\/\/cerca.org.mx\/en\/wp-json\/wp\/v2\/comments?post=1910"}],"version-history":[{"count":0,"href":"https:\/\/cerca.org.mx\/en\/wp-json\/wp\/v2\/posts\/1910\/revisions"}],"wp:featuredmedia":[{"embeddable":true,"href":"https:\/\/cerca.org.mx\/en\/wp-json\/"}],"wp:attachment":[{"href":"https:\/\/cerca.org.mx\/en\/wp-json\/wp\/v2\/media?parent=1910"}],"wp:term":[{"taxonomy":"category","embeddable":true,"href":"https:\/\/cerca.org.mx\/en\/wp-json\/wp\/v2\/categories?post=1910"},{"taxonomy":"post_tag","embeddable":true,"href":"https:\/\/cerca.org.mx\/en\/wp-json\/wp\/v2\/tags?post=1910"}],"curies":[{"name":"wp","href":"https:\/\/api.w.org\/{rel}","templated":true}]}}