{"id":386,"date":"2017-09-26T02:02:12","date_gmt":"2017-09-26T02:02:12","guid":{"rendered":"http:\/\/www.cerca.org.mx\/?p=386"},"modified":"2017-09-26T02:02:12","modified_gmt":"2017-09-26T02:02:12","slug":"contaminacion","status":"publish","type":"post","link":"https:\/\/cerca.org.mx\/en\/contaminacion\/","title":{"rendered":"CONTAMINACI\u00d3N"},"content":{"rendered":"<p><a href=\"http:\/\/www.cerca.org.mx\/wp-content\/uploads\/2017\/09\/03-04-46_11-05-2016_contamina-1.jpg\"><img loading=\"lazy\" decoding=\"async\" class=\"size-full wp-image-388 alignleft\" src=\"http:\/\/www.cerca.org.mx\/wp-content\/uploads\/2017\/09\/03-04-46_11-05-2016_contamina-1.jpg\" alt=\"\" width=\"200\" height=\"200\" \/><\/a>Es indispensable controlar las emisiones contaminantes en La Paz, dado que sabemos que se asocian con impactos adversos en la salud.<\/p>\n<p>Los contaminantes atmosf\u00e9ricos perjudican la salud de la poblaci\u00f3n, incluyendo la de ni\u00f1os, adultos, adultos mayores, deportistas y de todos aquellos que realizan actividades al aire libre. Se sabe ahora que el c\u00e1ncer de pulm\u00f3n es uno de los efectos de la contaminaci\u00f3n atmosf\u00e9rica, tambi\u00e9n lo es de las emisiones de los motores que utilizan di\u00e9sel y de un contaminante conocido como PM2.5 (se trata de part\u00edculas peque\u00f1\u00edsimas de un di\u00e1metro de menos de 2.5 micras que se encuentran suspendidas en la atm\u00f3sfera y que penetran a los pulmones logrando llegar a nuestra sangre).<\/p>\n<p>Estas part\u00edculas peque\u00f1\u00edsimas son las responsables de m\u00e1s de 3.2 millones de muertes anuales en el mundo y se encuentra entre los diez primeros factores de riesgo de la salud de la poblaci\u00f3n mundial.<\/p>","protected":false},"excerpt":{"rendered":"<p>Es indispensable controlar las emisiones contaminantes en La Paz, dado que sabemos que se asocian con impactos adversos en la salud. Los contaminantes atmosf\u00e9ricos perjudican la salud de la poblaci\u00f3n, incluyendo la de ni\u00f1os, adultos, adultos mayores, deportistas y de todos aquellos que realizan actividades al aire libre. Se sabe ahora que el c\u00e1ncer de &hellip;<\/p>\n<p class=\"read-more\"> <a class=\"\" href=\"https:\/\/cerca.org.mx\/en\/contaminacion\/\"> <span class=\"screen-reader-text\">CONTAMINACI\u00d3N<\/span> Read More &raquo;<\/a><\/p>","protected":false},"author":1,"featured_media":388,"comment_status":"open","ping_status":"open","sticky":false,"template":"","format":"standard","meta":{"footnotes":""},"categories":[11],"tags":[],"class_list":["post-386","post","type-post","status-publish","format-standard","has-post-thumbnail","hentry","category-blog-noticias"],"_links":{"self":[{"href":"https:\/\/cerca.org.mx\/en\/wp-json\/wp\/v2\/posts\/386","targetHints":{"allow":["GET"]}}],"collection":[{"href":"https:\/\/cerca.org.mx\/en\/wp-json\/wp\/v2\/posts"}],"about":[{"href":"https:\/\/cerca.org.mx\/en\/wp-json\/wp\/v2\/types\/post"}],"author":[{"embeddable":true,"href":"https:\/\/cerca.org.mx\/en\/wp-json\/wp\/v2\/users\/1"}],"replies":[{"embeddable":true,"href":"https:\/\/cerca.org.mx\/en\/wp-json\/wp\/v2\/comments?post=386"}],"version-history":[{"count":0,"href":"https:\/\/cerca.org.mx\/en\/wp-json\/wp\/v2\/posts\/386\/revisions"}],"wp:featuredmedia":[{"embeddable":true,"href":"https:\/\/cerca.org.mx\/en\/wp-json\/"}],"wp:attachment":[{"href":"https:\/\/cerca.org.mx\/en\/wp-json\/wp\/v2\/media?parent=386"}],"wp:term":[{"taxonomy":"category","embeddable":true,"href":"https:\/\/cerca.org.mx\/en\/wp-json\/wp\/v2\/categories?post=386"},{"taxonomy":"post_tag","embeddable":true,"href":"https:\/\/cerca.org.mx\/en\/wp-json\/wp\/v2\/tags?post=386"}],"curies":[{"name":"wp","href":"https:\/\/api.w.org\/{rel}","templated":true}]}}