{"id":396,"date":"2017-09-26T02:05:22","date_gmt":"2017-09-26T02:05:22","guid":{"rendered":"http:\/\/www.cerca.org.mx\/?p=396"},"modified":"2017-09-26T02:05:22","modified_gmt":"2017-09-26T02:05:22","slug":"taller-cre","status":"publish","type":"post","link":"https:\/\/cerca.org.mx\/en\/taller-cre\/","title":{"rendered":"Taller CRE"},"content":{"rendered":"<p>CERCA estuvo presente en el taller de la CRE \u201cLa Nueva Regulaci\u00f3n El\u00e9ctrica para Baja California Sur\u201d organizado por el Gobierno del Estado y la Comisi\u00f3n Reguladora de Energ\u00eda y que se desarroll\u00f3 este lunes 8 de mayo del 2017, en las instalaciones de la Universidad Aut\u00f3noma de Baja California Sur.<\/p>\n<p><a href=\"http:\/\/www.cerca.org.mx\/wp-content\/uploads\/2017\/09\/03-00-45_14-05-2017_18448073_10208950992393706_1102619233_n.jpg\"><img loading=\"lazy\" decoding=\"async\" class=\"alignnone size-medium wp-image-389\" src=\"http:\/\/www.cerca.org.mx\/wp-content\/uploads\/2017\/09\/03-00-45_14-05-2017_18448073_10208950992393706_1102619233_n-300x212.jpg\" alt=\"\" width=\"300\" height=\"212\" \/><\/a><\/p>\n<p>Como parte de la reforma energ\u00e9tica, la Comisi\u00f3n Reguladora de Energ\u00eda se ha propuesto desarrollar talleres informativos en todos los estados del pa\u00eds, en coordinaci\u00f3n con los gobiernos de las entidades federativas e instituciones de educaci\u00f3n superior, dirigidos a los sectores productivos, para que conozcan las acciones que se realizan en el entorno nacional en lo que es el nuevo mercado el\u00e9ctrico nacional<\/p>","protected":false},"excerpt":{"rendered":"<p>CERCA estuvo presente en el taller de la CRE \u201cLa Nueva Regulaci\u00f3n El\u00e9ctrica para Baja California Sur\u201d organizado por el Gobierno del Estado y la Comisi\u00f3n Reguladora de Energ\u00eda y que se desarroll\u00f3 este lunes 8 de mayo del 2017, en las instalaciones de la Universidad Aut\u00f3noma de Baja California Sur. Como parte de la &hellip;<\/p>\n<p class=\"read-more\"> <a class=\"\" href=\"https:\/\/cerca.org.mx\/en\/taller-cre\/\"> <span class=\"screen-reader-text\">Taller CRE<\/span> Read More &raquo;<\/a><\/p>","protected":false},"author":1,"featured_media":389,"comment_status":"open","ping_status":"open","sticky":false,"template":"","format":"standard","meta":{"footnotes":""},"categories":[11],"tags":[],"class_list":["post-396","post","type-post","status-publish","format-standard","has-post-thumbnail","hentry","category-blog-noticias"],"_links":{"self":[{"href":"https:\/\/cerca.org.mx\/en\/wp-json\/wp\/v2\/posts\/396","targetHints":{"allow":["GET"]}}],"collection":[{"href":"https:\/\/cerca.org.mx\/en\/wp-json\/wp\/v2\/posts"}],"about":[{"href":"https:\/\/cerca.org.mx\/en\/wp-json\/wp\/v2\/types\/post"}],"author":[{"embeddable":true,"href":"https:\/\/cerca.org.mx\/en\/wp-json\/wp\/v2\/users\/1"}],"replies":[{"embeddable":true,"href":"https:\/\/cerca.org.mx\/en\/wp-json\/wp\/v2\/comments?post=396"}],"version-history":[{"count":0,"href":"https:\/\/cerca.org.mx\/en\/wp-json\/wp\/v2\/posts\/396\/revisions"}],"wp:featuredmedia":[{"embeddable":true,"href":"https:\/\/cerca.org.mx\/en\/wp-json\/"}],"wp:attachment":[{"href":"https:\/\/cerca.org.mx\/en\/wp-json\/wp\/v2\/media?parent=396"}],"wp:term":[{"taxonomy":"category","embeddable":true,"href":"https:\/\/cerca.org.mx\/en\/wp-json\/wp\/v2\/categories?post=396"},{"taxonomy":"post_tag","embeddable":true,"href":"https:\/\/cerca.org.mx\/en\/wp-json\/wp\/v2\/tags?post=396"}],"curies":[{"name":"wp","href":"https:\/\/api.w.org\/{rel}","templated":true}]}}