{"id":400,"date":"2017-09-26T02:07:13","date_gmt":"2017-09-26T02:07:13","guid":{"rendered":"http:\/\/www.cerca.org.mx\/?p=400"},"modified":"2017-09-26T02:07:13","modified_gmt":"2017-09-26T02:07:13","slug":"cerca-en-el-congreso-ciudades-mas-humanas","status":"publish","type":"post","link":"https:\/\/cerca.org.mx\/en\/cerca-en-el-congreso-ciudades-mas-humanas\/","title":{"rendered":"CERCA EN EL CONGRESO CIUDADES M\u00c1S HUMANAS"},"content":{"rendered":"<p>Se llev\u00f3 a cabo el tercer congreso &#8220;Ciudades m\u00e1s humanas&#8221; en la ciudad de La Paz BCS, organizado por el observatorio ciudadano C\u00f3mo Vamos La Paz. CERCA tuvo presencia mostrando el material did\u00e1ctico empleado en sus talleres e informando a la poblaci\u00f3n acerca de las consecuencias del uso y generaci\u00f3n de energ\u00eda en La Paz, B.C.S.<\/p>\n<p><a href=\"http:\/\/www.cerca.org.mx\/wp-content\/uploads\/2017\/09\/03-27-26_14-05-2017_18471198_10208955249700136_249429356_n.jpg\"><img loading=\"lazy\" decoding=\"async\" class=\"alignnone size-medium wp-image-390\" src=\"http:\/\/www.cerca.org.mx\/wp-content\/uploads\/2017\/09\/03-27-26_14-05-2017_18471198_10208955249700136_249429356_n-300x225.jpg\" alt=\"\" width=\"300\" height=\"225\" \/><\/a><\/p>","protected":false},"excerpt":{"rendered":"<p>Se llev\u00f3 a cabo el tercer congreso &#8220;Ciudades m\u00e1s humanas&#8221; en la ciudad de La Paz BCS, organizado por el observatorio ciudadano C\u00f3mo Vamos La Paz. CERCA tuvo presencia mostrando el material did\u00e1ctico empleado en sus talleres e informando a la poblaci\u00f3n acerca de las consecuencias del uso y generaci\u00f3n de energ\u00eda en La Paz, &hellip;<\/p>\n<p class=\"read-more\"> <a class=\"\" href=\"https:\/\/cerca.org.mx\/en\/cerca-en-el-congreso-ciudades-mas-humanas\/\"> <span class=\"screen-reader-text\">CERCA EN EL CONGRESO CIUDADES M\u00c1S HUMANAS<\/span> Read More &raquo;<\/a><\/p>","protected":false},"author":1,"featured_media":390,"comment_status":"open","ping_status":"open","sticky":false,"template":"","format":"standard","meta":{"footnotes":""},"categories":[11],"tags":[],"class_list":["post-400","post","type-post","status-publish","format-standard","has-post-thumbnail","hentry","category-blog-noticias"],"_links":{"self":[{"href":"https:\/\/cerca.org.mx\/en\/wp-json\/wp\/v2\/posts\/400","targetHints":{"allow":["GET"]}}],"collection":[{"href":"https:\/\/cerca.org.mx\/en\/wp-json\/wp\/v2\/posts"}],"about":[{"href":"https:\/\/cerca.org.mx\/en\/wp-json\/wp\/v2\/types\/post"}],"author":[{"embeddable":true,"href":"https:\/\/cerca.org.mx\/en\/wp-json\/wp\/v2\/users\/1"}],"replies":[{"embeddable":true,"href":"https:\/\/cerca.org.mx\/en\/wp-json\/wp\/v2\/comments?post=400"}],"version-history":[{"count":0,"href":"https:\/\/cerca.org.mx\/en\/wp-json\/wp\/v2\/posts\/400\/revisions"}],"wp:featuredmedia":[{"embeddable":true,"href":"https:\/\/cerca.org.mx\/en\/wp-json\/"}],"wp:attachment":[{"href":"https:\/\/cerca.org.mx\/en\/wp-json\/wp\/v2\/media?parent=400"}],"wp:term":[{"taxonomy":"category","embeddable":true,"href":"https:\/\/cerca.org.mx\/en\/wp-json\/wp\/v2\/categories?post=400"},{"taxonomy":"post_tag","embeddable":true,"href":"https:\/\/cerca.org.mx\/en\/wp-json\/wp\/v2\/tags?post=400"}],"curies":[{"name":"wp","href":"https:\/\/api.w.org\/{rel}","templated":true}]}}