{"id":402,"date":"2017-09-26T02:09:45","date_gmt":"2017-09-26T02:09:45","guid":{"rendered":"http:\/\/www.cerca.org.mx\/?p=402"},"modified":"2017-09-26T02:09:45","modified_gmt":"2017-09-26T02:09:45","slug":"cerca-presenta-sus-talleres","status":"publish","type":"post","link":"https:\/\/cerca.org.mx\/en\/cerca-presenta-sus-talleres\/","title":{"rendered":"CERCA PRESENTA SUS TALLERES"},"content":{"rendered":"<p>Con el dise\u00f1o del taller de eficiencia energ\u00e9tica CERCA logra un mayor acercamiento con la poblaci\u00f3n civil, el consumo el\u00e9ctrico y su representaci\u00f3n en en el costo econ\u00f3mico que implica algo que nos causa que debe ponernos a todos a pensar. Mediante el taller de eficiencia energ\u00e9tica se proporcionan las bases te\u00f3ricas para reflexionar acerca del uso y generaci\u00f3n de la energ\u00eda pero desde la acci\u00f3n individual.<\/p>\n<p>Descarga el promocional:<\/p>\n<p><a href=\"http:\/\/www.cerca.org.mx\/wp-content\/uploads\/2017\/09\/05-01-19_29-08-2017_flyer_talleres.pdf\">05-01-19_29-08-2017_flyer_talleres<\/a><\/p>","protected":false},"excerpt":{"rendered":"<p>Con el dise\u00f1o del taller de eficiencia energ\u00e9tica CERCA logra un mayor acercamiento con la poblaci\u00f3n civil, el consumo el\u00e9ctrico y su representaci\u00f3n en en el costo econ\u00f3mico que implica algo que nos causa que debe ponernos a todos a pensar. Mediante el taller de eficiencia energ\u00e9tica se proporcionan las bases te\u00f3ricas para reflexionar acerca &hellip;<\/p>\n<p class=\"read-more\"> <a class=\"\" href=\"https:\/\/cerca.org.mx\/en\/cerca-presenta-sus-talleres\/\"> <span class=\"screen-reader-text\">CERCA PRESENTA SUS TALLERES<\/span> Read More &raquo;<\/a><\/p>","protected":false},"author":1,"featured_media":387,"comment_status":"open","ping_status":"open","sticky":false,"template":"","format":"standard","meta":{"footnotes":""},"categories":[11],"tags":[],"class_list":["post-402","post","type-post","status-publish","format-standard","has-post-thumbnail","hentry","category-blog-noticias"],"_links":{"self":[{"href":"https:\/\/cerca.org.mx\/en\/wp-json\/wp\/v2\/posts\/402","targetHints":{"allow":["GET"]}}],"collection":[{"href":"https:\/\/cerca.org.mx\/en\/wp-json\/wp\/v2\/posts"}],"about":[{"href":"https:\/\/cerca.org.mx\/en\/wp-json\/wp\/v2\/types\/post"}],"author":[{"embeddable":true,"href":"https:\/\/cerca.org.mx\/en\/wp-json\/wp\/v2\/users\/1"}],"replies":[{"embeddable":true,"href":"https:\/\/cerca.org.mx\/en\/wp-json\/wp\/v2\/comments?post=402"}],"version-history":[{"count":0,"href":"https:\/\/cerca.org.mx\/en\/wp-json\/wp\/v2\/posts\/402\/revisions"}],"wp:featuredmedia":[{"embeddable":true,"href":"https:\/\/cerca.org.mx\/en\/wp-json\/"}],"wp:attachment":[{"href":"https:\/\/cerca.org.mx\/en\/wp-json\/wp\/v2\/media?parent=402"}],"wp:term":[{"taxonomy":"category","embeddable":true,"href":"https:\/\/cerca.org.mx\/en\/wp-json\/wp\/v2\/categories?post=402"},{"taxonomy":"post_tag","embeddable":true,"href":"https:\/\/cerca.org.mx\/en\/wp-json\/wp\/v2\/tags?post=402"}],"curies":[{"name":"wp","href":"https:\/\/api.w.org\/{rel}","templated":true}]}}