{"id":406,"date":"2017-09-26T02:23:40","date_gmt":"2017-09-26T02:23:40","guid":{"rendered":"http:\/\/www.cerca.org.mx\/?p=406"},"modified":"2017-09-26T02:23:40","modified_gmt":"2017-09-26T02:23:40","slug":"cerca-firma-convenio-para-elaborar-programa-sectorial-de-energia","status":"publish","type":"post","link":"https:\/\/cerca.org.mx\/en\/cerca-firma-convenio-para-elaborar-programa-sectorial-de-energia\/","title":{"rendered":"CERCA firma convenio para elaborar programa sectorial de energ\u00eda"},"content":{"rendered":"<p>&nbsp;<\/p>\n<p class=\"MsoNormal\">El lunes 24 de Octubre \u00a0del 2016 en la ciudad de La Paz BCS se firma el convenio para la elaboraci\u00f3n del programa sectorial de energ\u00eda. El\u00a0objetivo principal \u00a0de nuestra participaci\u00f3n en este convenio es impulsar y direccionar -mediante la colaboraci\u00f3n- una transici\u00f3n en el estado de Baja California Sur hacia un sistema energ\u00e9tico m\u00e1s sustentable, proyectando al estado y la Ciudad de La Paz como un modelo replicable en aprovechamiento de energ\u00eda limpia, calidad ambiental y calidad de vida.<\/p>\n<p><strong>Participantes:<\/strong> Gob Baja California Sur, Centro Mario Molina (CMM), Instituto Mexicano para la Competitividad(IMCO), Iniciativa clim\u00e1tica de M\u00e9xico(ICM), Centro de Energ\u00edas Renovables y Calidad Ambiental(CERCA)<\/p>\n<p>Ver m\u00e1s:<\/p>\n<blockquote class=\"wp-embedded-content\" data-secret=\"m5LvHcfffl\"><p><a href=\"http:\/\/centromariomolina.org\/cmm-apoyara-a-bcs-con-programa-de-energias-alternativas\/\">CMM apoyar\u00e1 a BCS con Programa de energ\u00edas alternativas<\/a><\/p><\/blockquote>\n<p><iframe loading=\"lazy\" class=\"wp-embedded-content\" sandbox=\"allow-scripts\" security=\"restricted\" style=\"position: absolute; clip: rect(1px, 1px, 1px, 1px);\" title=\"\u00abCMM apoyar\u00e1 a BCS con Programa de energ\u00edas alternativas\u00bb \u2014 Centro Mario Molina\" src=\"http:\/\/centromariomolina.org\/cmm-apoyara-a-bcs-con-programa-de-energias-alternativas\/embed\/#?secret=MENoaTVCVR#?secret=m5LvHcfffl\" data-secret=\"m5LvHcfffl\" width=\"500\" height=\"282\" frameborder=\"0\" marginwidth=\"0\" marginheight=\"0\" scrolling=\"no\"><\/iframe><\/p>","protected":false},"excerpt":{"rendered":"<p>&nbsp; El lunes 24 de Octubre \u00a0del 2016 en la ciudad de La Paz BCS se firma el convenio para la elaboraci\u00f3n del programa sectorial de energ\u00eda. El\u00a0objetivo principal \u00a0de nuestra participaci\u00f3n en este convenio es impulsar y direccionar -mediante la colaboraci\u00f3n- una transici\u00f3n en el estado de Baja California Sur hacia un sistema energ\u00e9tico &hellip;<\/p>\n<p class=\"read-more\"> <a class=\"\" href=\"https:\/\/cerca.org.mx\/en\/cerca-firma-convenio-para-elaborar-programa-sectorial-de-energia\/\"> <span class=\"screen-reader-text\">CERCA firma convenio para elaborar programa sectorial de energ\u00eda<\/span> Read More &raquo;<\/a><\/p>","protected":false},"author":1,"featured_media":409,"comment_status":"open","ping_status":"open","sticky":false,"template":"","format":"standard","meta":{"footnotes":""},"categories":[11],"tags":[],"class_list":["post-406","post","type-post","status-publish","format-standard","has-post-thumbnail","hentry","category-blog-noticias"],"_links":{"self":[{"href":"https:\/\/cerca.org.mx\/en\/wp-json\/wp\/v2\/posts\/406","targetHints":{"allow":["GET"]}}],"collection":[{"href":"https:\/\/cerca.org.mx\/en\/wp-json\/wp\/v2\/posts"}],"about":[{"href":"https:\/\/cerca.org.mx\/en\/wp-json\/wp\/v2\/types\/post"}],"author":[{"embeddable":true,"href":"https:\/\/cerca.org.mx\/en\/wp-json\/wp\/v2\/users\/1"}],"replies":[{"embeddable":true,"href":"https:\/\/cerca.org.mx\/en\/wp-json\/wp\/v2\/comments?post=406"}],"version-history":[{"count":0,"href":"https:\/\/cerca.org.mx\/en\/wp-json\/wp\/v2\/posts\/406\/revisions"}],"wp:featuredmedia":[{"embeddable":true,"href":"https:\/\/cerca.org.mx\/en\/wp-json\/"}],"wp:attachment":[{"href":"https:\/\/cerca.org.mx\/en\/wp-json\/wp\/v2\/media?parent=406"}],"wp:term":[{"taxonomy":"category","embeddable":true,"href":"https:\/\/cerca.org.mx\/en\/wp-json\/wp\/v2\/categories?post=406"},{"taxonomy":"post_tag","embeddable":true,"href":"https:\/\/cerca.org.mx\/en\/wp-json\/wp\/v2\/tags?post=406"}],"curies":[{"name":"wp","href":"https:\/\/api.w.org\/{rel}","templated":true}]}}