{"id":673,"date":"2017-10-21T18:45:32","date_gmt":"2017-10-21T18:45:32","guid":{"rendered":"http:\/\/www.cerca.org.mx\/?p=673"},"modified":"2017-10-21T18:45:32","modified_gmt":"2017-10-21T18:45:32","slug":"platicas-de-cambio-climatico-en-salud","status":"publish","type":"post","link":"https:\/\/cerca.org.mx\/en\/platicas-de-cambio-climatico-en-salud\/","title":{"rendered":"Pl\u00e1ticas de cambio clim\u00e1tico y salud"},"content":{"rendered":"<p>Una gran satisfacci\u00f3n estar con los ni\u00f1os de la escuela primaria Venustiano Carranza hablando de Cambio Clim\u00e1tico y salud. Gracias por recibirnos<\/p>\n<p>.<a href=\"http:\/\/www.cerca.org.mx\/wp-content\/uploads\/2017\/10\/IMG_8242.jpg\"><img loading=\"lazy\" decoding=\"async\" class=\"alignnone size-medium wp-image-675\" src=\"http:\/\/www.cerca.org.mx\/wp-content\/uploads\/2017\/10\/IMG_8242-300x225.jpg\" alt=\"\" width=\"300\" height=\"225\" \/><\/a> <a href=\"http:\/\/www.cerca.org.mx\/wp-content\/uploads\/2017\/10\/IMG_8261.jpg\"><img loading=\"lazy\" decoding=\"async\" class=\"alignnone size-medium wp-image-676\" src=\"http:\/\/www.cerca.org.mx\/wp-content\/uploads\/2017\/10\/IMG_8261-300x225.jpg\" alt=\"\" width=\"300\" height=\"225\" \/><\/a><!--more--><\/p>","protected":false},"excerpt":{"rendered":"<p>Una gran satisfacci\u00f3n estar con los ni\u00f1os de la escuela primaria Venustiano Carranza hablando de Cambio Clim\u00e1tico y salud. Gracias por recibirnos .<\/p>","protected":false},"author":1,"featured_media":677,"comment_status":"open","ping_status":"open","sticky":false,"template":"","format":"standard","meta":{"footnotes":""},"categories":[9,11,6],"tags":[],"class_list":["post-673","post","type-post","status-publish","format-standard","has-post-thumbnail","hentry","category-blog-educacion","category-blog-noticias","category-novedades"],"_links":{"self":[{"href":"https:\/\/cerca.org.mx\/en\/wp-json\/wp\/v2\/posts\/673","targetHints":{"allow":["GET"]}}],"collection":[{"href":"https:\/\/cerca.org.mx\/en\/wp-json\/wp\/v2\/posts"}],"about":[{"href":"https:\/\/cerca.org.mx\/en\/wp-json\/wp\/v2\/types\/post"}],"author":[{"embeddable":true,"href":"https:\/\/cerca.org.mx\/en\/wp-json\/wp\/v2\/users\/1"}],"replies":[{"embeddable":true,"href":"https:\/\/cerca.org.mx\/en\/wp-json\/wp\/v2\/comments?post=673"}],"version-history":[{"count":0,"href":"https:\/\/cerca.org.mx\/en\/wp-json\/wp\/v2\/posts\/673\/revisions"}],"wp:featuredmedia":[{"embeddable":true,"href":"https:\/\/cerca.org.mx\/en\/wp-json\/"}],"wp:attachment":[{"href":"https:\/\/cerca.org.mx\/en\/wp-json\/wp\/v2\/media?parent=673"}],"wp:term":[{"taxonomy":"category","embeddable":true,"href":"https:\/\/cerca.org.mx\/en\/wp-json\/wp\/v2\/categories?post=673"},{"taxonomy":"post_tag","embeddable":true,"href":"https:\/\/cerca.org.mx\/en\/wp-json\/wp\/v2\/tags?post=673"}],"curies":[{"name":"wp","href":"https:\/\/api.w.org\/{rel}","templated":true}]}}