{"id":730,"date":"2017-11-09T01:59:50","date_gmt":"2017-11-09T01:59:50","guid":{"rendered":"http:\/\/www.cerca.org.mx\/?p=730"},"modified":"2017-11-09T01:59:50","modified_gmt":"2017-11-09T01:59:50","slug":"descarga-el-ultimo-boletin-de-energias-limpias","status":"publish","type":"post","link":"https:\/\/cerca.org.mx\/en\/descarga-el-ultimo-boletin-de-energias-limpias\/","title":{"rendered":"Descarga el \u00faltimo bolet\u00edn de energ\u00edas limpias"},"content":{"rendered":"<p><a href=\"http:\/\/www.cerca.org.mx\/wp-content\/uploads\/2017\/11\/Bolet_n_ENERGIAS_LIMPIAS_Veintinueve.pdf\">Descarga el bolet\u00edn de la SENER donde se publica informaci\u00f3n relevante para Baja California Sur Bolet_n_ENERGIAS_LIMPIAS_Veintinueve<\/a><\/p>","protected":false},"excerpt":{"rendered":"<p>Descarga el bolet\u00edn de la SENER donde se publica informaci\u00f3n relevante para Baja California Sur Bolet_n_ENERGIAS_LIMPIAS_Veintinueve<\/p>","protected":false},"author":1,"featured_media":734,"comment_status":"open","ping_status":"open","sticky":false,"template":"","format":"standard","meta":{"footnotes":""},"categories":[10,11,6],"tags":[],"class_list":["post-730","post","type-post","status-publish","format-standard","has-post-thumbnail","hentry","category-blog-energia","category-blog-noticias","category-novedades"],"_links":{"self":[{"href":"https:\/\/cerca.org.mx\/en\/wp-json\/wp\/v2\/posts\/730","targetHints":{"allow":["GET"]}}],"collection":[{"href":"https:\/\/cerca.org.mx\/en\/wp-json\/wp\/v2\/posts"}],"about":[{"href":"https:\/\/cerca.org.mx\/en\/wp-json\/wp\/v2\/types\/post"}],"author":[{"embeddable":true,"href":"https:\/\/cerca.org.mx\/en\/wp-json\/wp\/v2\/users\/1"}],"replies":[{"embeddable":true,"href":"https:\/\/cerca.org.mx\/en\/wp-json\/wp\/v2\/comments?post=730"}],"version-history":[{"count":0,"href":"https:\/\/cerca.org.mx\/en\/wp-json\/wp\/v2\/posts\/730\/revisions"}],"wp:featuredmedia":[{"embeddable":true,"href":"https:\/\/cerca.org.mx\/en\/wp-json\/"}],"wp:attachment":[{"href":"https:\/\/cerca.org.mx\/en\/wp-json\/wp\/v2\/media?parent=730"}],"wp:term":[{"taxonomy":"category","embeddable":true,"href":"https:\/\/cerca.org.mx\/en\/wp-json\/wp\/v2\/categories?post=730"},{"taxonomy":"post_tag","embeddable":true,"href":"https:\/\/cerca.org.mx\/en\/wp-json\/wp\/v2\/tags?post=730"}],"curies":[{"name":"wp","href":"https:\/\/api.w.org\/{rel}","templated":true}]}}