{"id":760,"date":"2018-01-14T00:26:13","date_gmt":"2018-01-14T00:26:13","guid":{"rendered":"http:\/\/www.cerca.org.mx\/?p=760"},"modified":"2018-01-14T00:26:13","modified_gmt":"2018-01-14T00:26:13","slug":"bicigenerador-stand-navideno","status":"publish","type":"post","link":"https:\/\/cerca.org.mx\/en\/bicigenerador-stand-navideno\/","title":{"rendered":"Bicigenerador Stand Navide\u00f1o"},"content":{"rendered":"<p><a class=\"_58cn\" href=\"https:\/\/www.facebook.com\/hashtag\/prendamoselarbol?source=feed_text&amp;story_id=890320217801076\" data-ft=\"{&quot;tn&quot;:&quot;*N&quot;,&quot;type&quot;:104}\"><span class=\"_5afx\"><span class=\"_58cl _5afz\" aria-label=\"numeral\">#<\/span><span class=\"_58cm\">prendamoselarbol<\/span><\/span><\/a><\/p>\n<p>Im\u00e1genes de la actividad Bici-generador en villa navide\u00f1a ISIFE en malec\u00f3n de la paz frente a los cocos, del 8 de Diciembre de 2017 al 7 de Enero 2018<\/p>\n<p><a href=\"http:\/\/www.cerca.org.mx\/wp-content\/uploads\/2018\/01\/1.jpg\"><img loading=\"lazy\" decoding=\"async\" class=\"alignnone size-medium wp-image-762\" src=\"http:\/\/www.cerca.org.mx\/wp-content\/uploads\/2018\/01\/1-300x225.jpg\" alt=\"\" width=\"300\" height=\"225\" \/><\/a><\/p>\n<p><a href=\"http:\/\/www.cerca.org.mx\/wp-content\/uploads\/2018\/01\/2.jpg\"><img loading=\"lazy\" decoding=\"async\" class=\"alignnone size-medium wp-image-763\" src=\"http:\/\/www.cerca.org.mx\/wp-content\/uploads\/2018\/01\/2-225x300.jpg\" alt=\"\" width=\"225\" height=\"300\" \/><\/a> <a href=\"http:\/\/www.cerca.org.mx\/wp-content\/uploads\/2018\/01\/3.jpg\"><img loading=\"lazy\" decoding=\"async\" class=\"alignnone size-medium wp-image-764\" src=\"http:\/\/www.cerca.org.mx\/wp-content\/uploads\/2018\/01\/3-225x300.jpg\" alt=\"\" width=\"225\" height=\"300\" \/><\/a> <a href=\"http:\/\/www.cerca.org.mx\/wp-content\/uploads\/2018\/01\/4.jpg\"><img loading=\"lazy\" decoding=\"async\" class=\"alignnone size-medium wp-image-765\" src=\"http:\/\/www.cerca.org.mx\/wp-content\/uploads\/2018\/01\/4-225x300.jpg\" alt=\"\" width=\"225\" height=\"300\" \/><\/a> <a href=\"http:\/\/www.cerca.org.mx\/wp-content\/uploads\/2018\/01\/5.jpg\"><img loading=\"lazy\" decoding=\"async\" class=\"alignnone size-medium wp-image-766\" src=\"http:\/\/www.cerca.org.mx\/wp-content\/uploads\/2018\/01\/5-300x225.jpg\" alt=\"\" width=\"300\" height=\"225\" \/><\/a> <a href=\"http:\/\/www.cerca.org.mx\/wp-content\/uploads\/2018\/01\/6-1.jpg\"><img loading=\"lazy\" decoding=\"async\" class=\"alignnone size-medium wp-image-767\" src=\"http:\/\/www.cerca.org.mx\/wp-content\/uploads\/2018\/01\/6-1-300x225.jpg\" alt=\"\" width=\"300\" height=\"225\" \/><\/a> <a href=\"http:\/\/www.cerca.org.mx\/wp-content\/uploads\/2018\/01\/7.jpg\"><img loading=\"lazy\" decoding=\"async\" class=\"alignnone size-medium wp-image-768\" src=\"http:\/\/www.cerca.org.mx\/wp-content\/uploads\/2018\/01\/7-225x300.jpg\" alt=\"\" width=\"225\" height=\"300\" \/><\/a> <a href=\"http:\/\/www.cerca.org.mx\/wp-content\/uploads\/2018\/01\/8.jpg\"><img loading=\"lazy\" decoding=\"async\" class=\"alignnone size-medium wp-image-769\" src=\"http:\/\/www.cerca.org.mx\/wp-content\/uploads\/2018\/01\/8-225x300.jpg\" alt=\"\" width=\"225\" height=\"300\" \/><\/a> <a href=\"http:\/\/www.cerca.org.mx\/wp-content\/uploads\/2018\/01\/9.jpg\"><img loading=\"lazy\" decoding=\"async\" class=\"alignnone size-medium wp-image-770\" src=\"http:\/\/www.cerca.org.mx\/wp-content\/uploads\/2018\/01\/9-300x225.jpg\" alt=\"\" width=\"300\" height=\"225\" \/><\/a> <a href=\"http:\/\/www.cerca.org.mx\/wp-content\/uploads\/2018\/01\/10.jpg\"><img loading=\"lazy\" decoding=\"async\" class=\"alignnone size-medium wp-image-771\" src=\"http:\/\/www.cerca.org.mx\/wp-content\/uploads\/2018\/01\/10-300x300.jpg\" alt=\"\" width=\"300\" height=\"300\" \/><\/a><\/p>","protected":false},"excerpt":{"rendered":"<p>#prendamoselarbol Im\u00e1genes de la actividad Bici-generador en villa navide\u00f1a ISIFE en malec\u00f3n de la paz frente a los cocos, del 8 de Diciembre de 2017 al 7 de Enero 2018<\/p>","protected":false},"author":1,"featured_media":761,"comment_status":"open","ping_status":"open","sticky":false,"template":"","format":"standard","meta":{"footnotes":""},"categories":[9,6],"tags":[],"class_list":["post-760","post","type-post","status-publish","format-standard","has-post-thumbnail","hentry","category-blog-educacion","category-novedades"],"_links":{"self":[{"href":"https:\/\/cerca.org.mx\/en\/wp-json\/wp\/v2\/posts\/760","targetHints":{"allow":["GET"]}}],"collection":[{"href":"https:\/\/cerca.org.mx\/en\/wp-json\/wp\/v2\/posts"}],"about":[{"href":"https:\/\/cerca.org.mx\/en\/wp-json\/wp\/v2\/types\/post"}],"author":[{"embeddable":true,"href":"https:\/\/cerca.org.mx\/en\/wp-json\/wp\/v2\/users\/1"}],"replies":[{"embeddable":true,"href":"https:\/\/cerca.org.mx\/en\/wp-json\/wp\/v2\/comments?post=760"}],"version-history":[{"count":0,"href":"https:\/\/cerca.org.mx\/en\/wp-json\/wp\/v2\/posts\/760\/revisions"}],"wp:featuredmedia":[{"embeddable":true,"href":"https:\/\/cerca.org.mx\/en\/wp-json\/"}],"wp:attachment":[{"href":"https:\/\/cerca.org.mx\/en\/wp-json\/wp\/v2\/media?parent=760"}],"wp:term":[{"taxonomy":"category","embeddable":true,"href":"https:\/\/cerca.org.mx\/en\/wp-json\/wp\/v2\/categories?post=760"},{"taxonomy":"post_tag","embeddable":true,"href":"https:\/\/cerca.org.mx\/en\/wp-json\/wp\/v2\/tags?post=760"}],"curies":[{"name":"wp","href":"https:\/\/api.w.org\/{rel}","templated":true}]}}