{"id":883,"date":"2018-05-02T19:22:02","date_gmt":"2018-05-02T19:22:02","guid":{"rendered":"http:\/\/www.cerca.org.mx\/?p=883"},"modified":"2018-05-02T19:22:02","modified_gmt":"2018-05-02T19:22:02","slug":"rueda-de-prensa-para-anunciar-el-debate-ciudadano-2018","status":"publish","type":"post","link":"https:\/\/cerca.org.mx\/en\/rueda-de-prensa-para-anunciar-el-debate-ciudadano-2018\/","title":{"rendered":"Rueda de Prensa para anunciar el Debate Ciudadano 2018"},"content":{"rendered":"<p>El pasado 26 de abril se convoc\u00f3 a los medios de comunicaci\u00f3n locales a una rueda de prensa con el tema DEBATES CIUDADANOS, con la finalidad que los medio apoyen a la convocatoria para participar en el debate que se llevar\u00e1 a cabo el pr\u00f3ximo 04 de junio 2018. Reiterando la suma importancia que tiene la participaci\u00f3n de todos ante la eminente necesidad de elevar la discusi\u00f3n p\u00fablica sobre los asuntos cruciales para el futuro del pa\u00eds y promover la participaci\u00f3n ciudadana informada ante las elecciones del pr\u00f3ximo Presidente Municipal de La Paz, BCS. <\/p>\n<p>Entre el grupo convocante se encuentran: CERCA, COPARMEX BCS, COLEGIO DE CONTADORES P\u00daBLICOS, C\u00c1MARA MEXICANA DE LA INDUSTRIA DE LA CONSTRUCCI\u00d3N, COLEGIO DE ARQUITECTOS, ABOGADOS, INGENIEROS CIVILES, M\u00c9DICOS CIRUJANOS DE BCS, EMPRHOTUR, WIKIPOLITICA BCS, C\u00d3MO VAMOS LA PAZ, ASOCIACI\u00d3N ESTATAL DE PADRES DE FAMILIA, ASOCIACI\u00d3N MEXICANA DE PROFESIONALES INMOBILIARIOS, UNIPAZ, Y J\u00d3VENES EMPRESARIOS DE COPARMEX.  <\/p>\n<p>Para mayor informaci\u00f3n visita la p\u00e1gina: <a href=\"http:\/\/www.debatesciudadanos,mx\">www.debatesciudadanos.mx<\/a><\/p>\n<p><a href=\"http:\/\/www.cerca.org.mx\/wp-content\/uploads\/2018\/05\/WhatsApp-Image-2018-04-27-at-10.41.30-1.jpeg\"><img loading=\"lazy\" decoding=\"async\" src=\"http:\/\/www.cerca.org.mx\/wp-content\/uploads\/2018\/05\/WhatsApp-Image-2018-04-27-at-10.41.30-1-300x225.jpeg\" alt=\"\" width=\"300\" height=\"225\" class=\"alignnone size-medium wp-image-884\" \/><\/a> <a href=\"http:\/\/www.cerca.org.mx\/wp-content\/uploads\/2018\/05\/WhatsApp-Image-2018-04-27-at-10.41.30-2.jpeg\"><img loading=\"lazy\" decoding=\"async\" src=\"http:\/\/www.cerca.org.mx\/wp-content\/uploads\/2018\/05\/WhatsApp-Image-2018-04-27-at-10.41.30-2-300x225.jpeg\" alt=\"\" width=\"300\" height=\"225\" class=\"alignnone size-medium wp-image-885\" \/><\/a><\/p>","protected":false},"excerpt":{"rendered":"<p>El pasado 26 de abril se convoc\u00f3 a los medios de comunicaci\u00f3n locales a una rueda de prensa con el tema DEBATES CIUDADANOS, con la finalidad que los medio apoyen a la convocatoria para participar en el debate que se llevar\u00e1 a cabo el pr\u00f3ximo 04 de junio 2018. Reiterando la suma importancia que tiene &hellip;<\/p>\n<p class=\"read-more\"> <a class=\"\" href=\"https:\/\/cerca.org.mx\/en\/rueda-de-prensa-para-anunciar-el-debate-ciudadano-2018\/\"> <span class=\"screen-reader-text\">Rueda de Prensa para anunciar el Debate Ciudadano 2018<\/span> Read More &raquo;<\/a><\/p>","protected":false},"author":1,"featured_media":885,"comment_status":"open","ping_status":"open","sticky":false,"template":"","format":"standard","meta":{"footnotes":""},"categories":[11,6],"tags":[],"class_list":["post-883","post","type-post","status-publish","format-standard","has-post-thumbnail","hentry","category-blog-noticias","category-novedades"],"_links":{"self":[{"href":"https:\/\/cerca.org.mx\/en\/wp-json\/wp\/v2\/posts\/883","targetHints":{"allow":["GET"]}}],"collection":[{"href":"https:\/\/cerca.org.mx\/en\/wp-json\/wp\/v2\/posts"}],"about":[{"href":"https:\/\/cerca.org.mx\/en\/wp-json\/wp\/v2\/types\/post"}],"author":[{"embeddable":true,"href":"https:\/\/cerca.org.mx\/en\/wp-json\/wp\/v2\/users\/1"}],"replies":[{"embeddable":true,"href":"https:\/\/cerca.org.mx\/en\/wp-json\/wp\/v2\/comments?post=883"}],"version-history":[{"count":0,"href":"https:\/\/cerca.org.mx\/en\/wp-json\/wp\/v2\/posts\/883\/revisions"}],"wp:featuredmedia":[{"embeddable":true,"href":"https:\/\/cerca.org.mx\/en\/wp-json\/"}],"wp:attachment":[{"href":"https:\/\/cerca.org.mx\/en\/wp-json\/wp\/v2\/media?parent=883"}],"wp:term":[{"taxonomy":"category","embeddable":true,"href":"https:\/\/cerca.org.mx\/en\/wp-json\/wp\/v2\/categories?post=883"},{"taxonomy":"post_tag","embeddable":true,"href":"https:\/\/cerca.org.mx\/en\/wp-json\/wp\/v2\/tags?post=883"}],"curies":[{"name":"wp","href":"https:\/\/api.w.org\/{rel}","templated":true}]}}